{"id":29743,"date":"2020-02-13T18:10:20","date_gmt":"2020-02-13T20:10:20","guid":{"rendered":"http:\/\/172.16.0.7\/site-antigo\/?p=29743"},"modified":"2024-10-08T09:20:29","modified_gmt":"2024-10-08T12:20:29","slug":"abertas-as-inscricoes-do-torneio-do-trabalhador-em-apucarana","status":"publish","type":"post","link":"http:\/\/www.apucarana.pr.gov.br\/site\/abertas-as-inscricoes-do-torneio-do-trabalhador-em-apucarana\/","title":{"rendered":"Abertas as inscri\u00e7\u00f5es do Torneio do Trabalhador em Apucarana"},"content":{"rendered":"<p>A Secretaria Municipal de Esportes da Prefeitura de Apucarana comunica que foram abertas nesta quarta-feira (12 de fevereiro), as inscri\u00e7\u00f5es para o Torneio do Trabalhador (Primeiro de Maio) de Futebol. A competi\u00e7\u00e3o em 2020 ser\u00e1 disputada nas categorias adulto (masculino), feminino e menores.<br \/>\nA professora Jossuela Pinheiro, Secret\u00e1ria Municipal de Esportes, destaca que as inscri\u00e7\u00f5es prosseguem at\u00e9 o dia 25 de mar\u00e7o. \u201cEstamos abrindo as inscri\u00e7\u00f5es de uma competi\u00e7\u00e3o tradicional e muito importante em nosso munic\u00edpio em que a gest\u00e3o Beto Preto e o prefeito Junior da Femac d\u00e3o total apoio\u201d, comenta Jossuela.<br \/>\nO congresso t\u00e9cnico do torneio na categoria adulto masculino est\u00e1 marcado para o dia 2 de abril, \u00e0s 19 horas, no Centro da Juventude Alex Mazaron, na rua Piratininga, 464, no Jardim Diamantina. J\u00e1 o congresso nas categorias feminina e menores vai ocorrer no dia 3 de abril, no mesmo hor\u00e1rio e local.<br \/>\nA categoria adulto (masculino) \u00e9 aberta para nascidos at\u00e9 2003 e a feminino \u00e9 livre. As categorias menores s\u00e3o: sub-12 (nascidos em 2008 a 2010); sub-14 (nascidos em 2006 e 2007); e sub-16 (nascidos em 2004 a 2005).<br \/>\nAs datas das partidas ser\u00e3o informadas durante o congresso t\u00e9cnico nos dias 2 e 3 de abril.<br \/>\nNo torneio do ano passado os jogos aconteceram no Centro Esportivo Hairton Santos (antigo Jos\u00e9 Rico) e nos campos da T\u00eaxtil e da UTFPR. Pela categoria adulto participaram 47 equipes em disputa que teve tr\u00eas fases.<br \/>\nO Jardim Ponta Grossa foi o campe\u00e3o e o Tancredo Neves obteve a segunda posi\u00e7\u00e3o. O time dos Amigos do Serginho ficou em terceiro lugar e a Konnan Bon\u00e9s foi \u00e0 quarta colocada.<br \/>\nMais informa\u00e7\u00f5es do torneio podem ser obtidas no site http:\/\/www.apucarana.pr.gov.br\/esporte\/http:\/\/www.apucarana.pr.gov.br\/esporte\/, na Secretaria Municipal de Esportes, anexa ao Centro da Juventude, ou pelo telefone 3422-5184.<\/p>\n","protected":false},"excerpt":{"rendered":"<p>Competi\u00e7\u00e3o em 2020 ser\u00e1 disputada nas categorias adulto (masculino), feminino e menores<\/p>\n","protected":false},"author":4,"featured_media":29744,"comment_status":"closed","ping_status":"open","sticky":false,"template":"","format":"standard","meta":{"footnotes":""},"categories":[24],"tags":[],"class_list":["post-29743","post","type-post","status-publish","format-standard","has-post-thumbnail","hentry","category-noticias"],"acf":[],"_links":{"self":[{"href":"http:\/\/www.apucarana.pr.gov.br\/site\/wp-json\/wp\/v2\/posts\/29743","targetHints":{"allow":["GET"]}}],"collection":[{"href":"http:\/\/www.apucarana.pr.gov.br\/site\/wp-json\/wp\/v2\/posts"}],"about":[{"href":"http:\/\/www.apucarana.pr.gov.br\/site\/wp-json\/wp\/v2\/types\/post"}],"author":[{"embeddable":true,"href":"http:\/\/www.apucarana.pr.gov.br\/site\/wp-json\/wp\/v2\/users\/4"}],"replies":[{"embeddable":true,"href":"http:\/\/www.apucarana.pr.gov.br\/site\/wp-json\/wp\/v2\/comments?post=29743"}],"version-history":[{"count":1,"href":"http:\/\/www.apucarana.pr.gov.br\/site\/wp-json\/wp\/v2\/posts\/29743\/revisions"}],"predecessor-version":[{"id":99769,"href":"http:\/\/www.apucarana.pr.gov.br\/site\/wp-json\/wp\/v2\/posts\/29743\/revisions\/99769"}],"wp:featuredmedia":[{"embeddable":true,"href":"http:\/\/www.apucarana.pr.gov.br\/site\/wp-json\/"}],"wp:attachment":[{"href":"http:\/\/www.apucarana.pr.gov.br\/site\/wp-json\/wp\/v2\/media?parent=29743"}],"wp:term":[{"taxonomy":"category","embeddable":true,"href":"http:\/\/www.apucarana.pr.gov.br\/site\/wp-json\/wp\/v2\/categories?post=29743"},{"taxonomy":"post_tag","embeddable":true,"href":"http:\/\/www.apucarana.pr.gov.br\/site\/wp-json\/wp\/v2\/tags?post=29743"}],"curies":[{"name":"wp","href":"https:\/\/api.w.org\/{rel}","templated":true}]}}