{"id":29707,"date":"2020-02-12T20:03:56","date_gmt":"2020-02-12T22:03:56","guid":{"rendered":"http:\/\/172.16.0.7\/site-antigo\/?p=29707"},"modified":"2024-10-08T09:20:29","modified_gmt":"2024-10-08T12:20:29","slug":"grupo-textil-anuncia-expansao-com-mais-r-19-milhoes-de-investimento-imediato","status":"publish","type":"post","link":"http:\/\/www.apucarana.pr.gov.br\/site\/grupo-textil-anuncia-expansao-com-mais-r-19-milhoes-de-investimento-imediato\/","title":{"rendered":"Grupo T\u00eaxtil anuncia expans\u00e3o, com mais R$ 19 milh\u00f5es de investimento imediato"},"content":{"rendered":"<p>Com investimento imediato de R$ 19 milh\u00f5es, o Grupo T\u00eaxtil Apucarana ir\u00e1 ampliar a sua produ\u00e7\u00e3o e abrir mais 30 postos de trabalho na sua planta, no Parque industrial Sul. O an\u00fancio foi feito nesta quarta-feira (12\/02) pelos propriet\u00e1rios da empresa, em encontro com a imprensa e o prefeito de Apucarana, Junior da Femac, acompanhado de seu secretariado. Os valores ser\u00e3o aplicados na expans\u00e3o da planta industrial localizada ao lado do N\u00facleo Habitacional Adriano Correia, \u00e0s margens da BR-376, na sa\u00edda para Curitiba.<br \/>\nO encontro dos empres\u00e1rios com o prefeito, secret\u00e1rios e imprensa ocorreu na sala de reuni\u00f5es da planta industrial, onde est\u00e3o localizadas duas empresas do grupo: a Paranatex T\u00eaxtil e a Ind\u00fastria T\u00eaxtil Apucarana Ltda.  O an\u00fancio foi feito por Eros Felipe, Felipe Alexandre Felipe Neto e Vin\u00edcius Felipe, diretores-propriet\u00e1rios do grupo. O investimento que j\u00e1 est\u00e1 sendo feito, na ordem de R$ 19 milh\u00f5es, \u00e9 na expans\u00e3o da Paranatex. \u201cEstamos implantando um novo sistema de produ\u00e7\u00e3o de fios, que permitir\u00e1 a produ\u00e7\u00e3o do tecido com stretch. T\u00ednhamos que comprar o fio com um fornecedor e agora estamos montando uma fia\u00e7\u00e3o para fazer esse fio com stretch\u201d, explica Eros Felipe, acrescentando que as m\u00e1quinas s\u00e3o importadas do Jap\u00e3o, It\u00e1lia, Alemanha, Espanha e B\u00e9lgica.<br \/>\nConforme Eros, o grupo \u00e9 \u00fanico no Estado do Paran\u00e1 a deter todas as fases do processo produtivo, desde a fia\u00e7\u00e3o e tecelagem at\u00e9 o acabamento final do tecido. \u201cDepois de retirado o caro\u00e7o, a Ind\u00fastria T\u00eaxtil Apucarana recebe o algod\u00e3o e produz o fio e o tecido. J\u00e1 a Paranatex faz todo o acabamento, recebendo o tecido cru produzido aqui e fazendo o alvejamento, tingimento e estamparia\u201d, explica, acrescentando que as duas empresas empregam atualmente 710 funcion\u00e1rios. \u201cCom a expans\u00e3o, vamos gerar mais 30 postos, somando 740 funcion\u00e1rios\u201d, completa Eros.<br \/>\nOutro investimento ser\u00e1 feito no setor imobil\u00e1rio, atrav\u00e9s da Imobili\u00e1ria e Construtora Ref\u00fagio que tamb\u00e9m pertence ao grupo. De acordo com Felipe Alexandre Felipe Neto, somente em Apucarana o grupo j\u00e1 atuou na implanta\u00e7\u00e3o de sete empreendimentos habitacionais. \u201cAgora, com a moderniza\u00e7\u00e3o da Rua Nova Ucr\u00e2nia, decidimos implantar um condom\u00ednio residencial numa \u00e1rea de 25 alqueires, que contar\u00e1 com mil lotes e com uma ampla \u00e1rea de lazer\u201d, anuncia Felipe Neto, afirmando que esse investimento iniciar\u00e1 ainda neste ano e ser\u00e1 executado em quatro etapas.<br \/>\nO prefeito de Apucarana, Junior da Femac, comemorou o plano de investimentos anunciado pelo Grupo T\u00eaxtil e afirma que o poder p\u00fablico exerce o papel de indutor do desenvolvimento. \u201cLogo ap\u00f3s a constru\u00e7\u00e3o do viaduto do N\u00facleo Habitacional Jo\u00e3o Paulo, aquela regi\u00e3o recebeu investimentos habitacionais. O mesmo est\u00e1 acontecendo agora na Rua Nova Ucr\u00e2nia, onde estamos finalizando a moderniza\u00e7\u00e3o daquela via. Atenta a isso, o Grupo T\u00eaxtil decidiu fazer um grande investimento imobili\u00e1rio naquela regi\u00e3o\u201d, avaliou Junior da Femac.<br \/>\nO prefeito destaca que a fam\u00edlia Felipe tem uma bela trajet\u00f3ria de vida ligada \u00e0 cidade e que decidiu manter e ampliar os neg\u00f3cios em Apucarana. \u201cTodos os filhos do Eros, que inclusive cursou Economia na Fecea, nasceram aqui. Todos os conceitos em que a gente acredita, como trabalho, fam\u00edlia e prosperidade, est\u00e3o presentes no Grupo T\u00eaxtil. Tudo isso vem ao encontro desta fase especial que Apucarana est\u00e1 vivendo, uma cidade produtiva, de muito trabalho e desenvolvimento\u201d, pontua Junior da Femac.<br \/>\nSegundo ele, o Grupo T\u00eaxtil, al\u00e9m do Brasil, comercializa seus produtos em diversos pa\u00edses, como Col\u00f4mbia, Equador, Paraguai, Panam\u00e1, Costa Rica, M\u00e9xico e Estados Unidos, entre outros. \u201cQueremos agradecer pela decis\u00e3o da fam\u00edlia Felipe em continuar investindo em Apucarana, por acreditarem nesta cidade e por alimentarem o desejo de participar deste momento especial vivido por Apucarana\u201d, reitera Junior da Femac.<br \/>\nAtualmente, as empresas produzem cerca de dois milh\u00f5es de metros de tecidos por m\u00eas. Trabalhando basicamente com produtos 100% algod\u00e3o, a \u00e1rea t\u00eaxtil do grupo atende todos os segmentos do mercado confeccionista, abrangendo os setores de bon\u00e9s, moda, uniformiza\u00e7\u00e3o, cal\u00e7adista, decora\u00e7\u00e3o e fio retorcido.<br \/>\nAl\u00e9m dos investimentos em Apucarana, o Grupo T\u00eaxtil tamb\u00e9m pretende apostar nas lojas. Atualmente j\u00e1 existem unidades em S\u00e3o Paulo, Curitiba, Londrina, Apucarana, Maring\u00e1 e Paraguai. A pr\u00f3xima ser\u00e1 instalada daqui a dois meses em Goi\u00e2nia e a inten\u00e7\u00e3o \u00e9 abrir duas lojas por ano em cidades que s\u00e3o polo de confec\u00e7\u00f5es.<br \/>\nNa visita a Ind\u00fastria T\u00eaxtil o prefeito Junior da Femac esteve acompanhado de seus secret\u00e1rios e dos vereadores Mauro Bertoli e Franciley Godoi (Poim).<br \/>\nNova unidade de tecido jeans ser\u00e1 instalada em Apucarana<br \/>\nO maior investimento do Grupo T\u00eaxtil Apucarana, com valor estimado de 100 milh\u00f5es de d\u00f3lares \u2013 equivalentes a R$ 440 milh\u00f5es -, est\u00e1 projetado a m\u00e9dio e longo prazo para Apucarana. Ser\u00e1 uma ind\u00fastria de tecido jeans, cujo projeto estava inicialmente planejado para ser instalado no Paraguai. \u201cChegamos a adquirir no pa\u00eds vizinho um terreno para produzir o tecido jeans. Contudo, acabamos desistindo dessa id\u00e9ia. Eu nasci nesta cidade, todos meus filhos tamb\u00e9m nasceram aqui e Apucarana est\u00e1 no nosso cora\u00e7\u00e3o. Acreditamos que o Brasil entrar\u00e1 em outra fase e as coisas v\u00e3o mudar. Por isso, decidimos fazer o investimento da planta de tecido jeans em Apucarana, onde precisaremos de uma grande \u00e1rea para fazer a instala\u00e7\u00e3o\u201d, comentou o empres\u00e1rio Eros Felipe, anunciando que o investimento ser\u00e1 feito em quatro etapas, sendo que em cada uma delas ser\u00e3o aplicados 25 milh\u00f5es de d\u00f3lares.<br \/>\n\u201cO prefeito Junior da Femac est\u00e1 dando continuidade nas a\u00e7\u00f5es que o Beto Preto come\u00e7ou, incrementando e criando coisas novas. Apucarana precisa disso, pois j\u00e1 passou por administra\u00e7\u00f5es p\u00e9ssimas e hoje a gente vive um bom momento. A gente sente isso na cidade, nas pessoas. Apucarana n\u00e3o enfrenta, por exemplo, o problema do desemprego e n\u00f3s aqui estamos com essa situa\u00e7\u00e3o agora com a abertura de novos postos de trabalho. Com a expans\u00e3o, iremos contratar de imediato mais 30 pessoas\u201d, comentou o empres\u00e1rio Eros Felipe.<\/p>\n","protected":false},"excerpt":{"rendered":"<p>O empres\u00e1rio Eros Felipe confirmou o projeto ao prefeito Junior da Femac e seu secretariado, durante visita \u00e0 ind\u00fastria (Foto: PMA)<\/p>\n","protected":false},"author":4,"featured_media":29709,"comment_status":"closed","ping_status":"open","sticky":false,"template":"","format":"standard","meta":{"footnotes":""},"categories":[24],"tags":[],"class_list":["post-29707","post","type-post","status-publish","format-standard","has-post-thumbnail","hentry","category-noticias"],"acf":[],"_links":{"self":[{"href":"http:\/\/www.apucarana.pr.gov.br\/site\/wp-json\/wp\/v2\/posts\/29707","targetHints":{"allow":["GET"]}}],"collection":[{"href":"http:\/\/www.apucarana.pr.gov.br\/site\/wp-json\/wp\/v2\/posts"}],"about":[{"href":"http:\/\/www.apucarana.pr.gov.br\/site\/wp-json\/wp\/v2\/types\/post"}],"author":[{"embeddable":true,"href":"http:\/\/www.apucarana.pr.gov.br\/site\/wp-json\/wp\/v2\/users\/4"}],"replies":[{"embeddable":true,"href":"http:\/\/www.apucarana.pr.gov.br\/site\/wp-json\/wp\/v2\/comments?post=29707"}],"version-history":[{"count":1,"href":"http:\/\/www.apucarana.pr.gov.br\/site\/wp-json\/wp\/v2\/posts\/29707\/revisions"}],"predecessor-version":[{"id":99774,"href":"http:\/\/www.apucarana.pr.gov.br\/site\/wp-json\/wp\/v2\/posts\/29707\/revisions\/99774"}],"wp:featuredmedia":[{"embeddable":true,"href":"http:\/\/www.apucarana.pr.gov.br\/site\/wp-json\/"}],"wp:attachment":[{"href":"http:\/\/www.apucarana.pr.gov.br\/site\/wp-json\/wp\/v2\/media?parent=29707"}],"wp:term":[{"taxonomy":"category","embeddable":true,"href":"http:\/\/www.apucarana.pr.gov.br\/site\/wp-json\/wp\/v2\/categories?post=29707"},{"taxonomy":"post_tag","embeddable":true,"href":"http:\/\/www.apucarana.pr.gov.br\/site\/wp-json\/wp\/v2\/tags?post=29707"}],"curies":[{"name":"wp","href":"https:\/\/api.w.org\/{rel}","templated":true}]}}