{"id":29245,"date":"2020-01-15T18:50:24","date_gmt":"2020-01-15T20:50:24","guid":{"rendered":"http:\/\/172.16.0.7\/site-antigo\/?p=29245"},"modified":"2024-10-08T09:20:34","modified_gmt":"2024-10-08T12:20:34","slug":"prefeitura-anuncia-recuperacao-de-erosao-no-jardim-das-flores","status":"publish","type":"post","link":"http:\/\/www.apucarana.pr.gov.br\/site\/prefeitura-anuncia-recuperacao-de-erosao-no-jardim-das-flores\/","title":{"rendered":"Prefeitura anuncia recupera\u00e7\u00e3o de eros\u00e3o no Jardim das Flores"},"content":{"rendered":"<p>Uma grande cratera aberta recentemente devido ao transbordamento do C\u00f3rrego Bigua\u00e7u na Rua Rosa St\u00e1bile, entre os jardins das Flores e Morada do Sol, come\u00e7a a ser recuperada na semana que vem. A informa\u00e7\u00e3o \u00e9 do prefeito J\u00fanior da Femac, que determinou agilidade \u00e0 equipe da Secretaria Municipal de Obras.<br \/>\nO volume excessivo de \u00e1gua da chuva fez transbordar o c\u00f3rrego, arrastando para dentro de bueiros, muitos detritos como galhos, lixo, terra e entulhos deixados irregularmente na rua, ocasionando o entupimento da rede em trecho da Rua Rosa St\u00e1bile. \u201cRecebemos v\u00eddeos de moradores que comprovam que a precipita\u00e7\u00e3o foi t\u00e3o grande, que em alguns pontos do canal o n\u00edvel do c\u00f3rrego subiu acima dos tr\u00eas metros, passando sobre o asfalto\u201d, ilustra o prefeito J\u00fanior da Femac. De acordo com ele, assim que a prefeitura identificou a ocorr\u00eancia, agentes municipais foram at\u00e9 o local. \u201cInterditamos a cal\u00e7ada e sinalizamos toda a \u00e1rea para evitar acidentes\u201d, relata o prefeito, que \u00e9 engenheiro civil.<br \/>\nA prefeitura ir\u00e1 fazer agora a limpeza geral da \u00e1rea, com implanta\u00e7\u00e3o de conten\u00e7\u00f5es com muros de concreto e aterros para evitar novo transbordamento, al\u00e9m de promover a recupera\u00e7\u00e3o do terreno danificado pela eros\u00e3o. \u201cDeterminei que nossas equipes promovam o trabalho de forma r\u00e1pida e eficaz\u201d, afirmou o prefeito, salientando que o trabalho de zeladoria da cidade vem sendo feito diariamente pela prefeitura visando a preven\u00e7\u00e3o de danos em todos os bairros. \u201cEsta \u00e9 uma das marcas da Gest\u00e3o Beto Preto. Promover a\u00e7\u00f5es dos bairros para o centro, que no caso da zeladoria envolvem recupera\u00e7\u00e3o asf\u00e1ltica, varri\u00e7\u00e3o, limpeza e manuten\u00e7\u00e3o de galerias e bueiros\u201d, citou J\u00fanior da Femac.<br \/>\nO secret\u00e1rio Municipal de Obras, Herivelto Moreno, pede que a popula\u00e7\u00e3o fa\u00e7a a sua parte, depositando materiais de constru\u00e7\u00e3o, como pedra e areia, de forma adequada para que n\u00e3o sejam arrastados pela \u00e1gua da chuva. \u201cOs entulhos tamb\u00e9m devem ser colocados em ca\u00e7ambas, como determina a lei\u201d, orienta.<\/p>\n","protected":false},"excerpt":{"rendered":"<p>Uma grande cratera aberta recentemente devido ao transbordamento do C\u00f3rrego Bigua\u00e7u na Rua Rosa St\u00e1bile, entre os jardins das Flores e Morada do Sol, come\u00e7a a ser recuperada na semana que vem (Foto: PMA)<\/p>\n","protected":false},"author":4,"featured_media":29246,"comment_status":"closed","ping_status":"open","sticky":false,"template":"","format":"standard","meta":{"footnotes":""},"categories":[24],"tags":[],"class_list":["post-29245","post","type-post","status-publish","format-standard","has-post-thumbnail","hentry","category-noticias"],"acf":[],"_links":{"self":[{"href":"http:\/\/www.apucarana.pr.gov.br\/site\/wp-json\/wp\/v2\/posts\/29245","targetHints":{"allow":["GET"]}}],"collection":[{"href":"http:\/\/www.apucarana.pr.gov.br\/site\/wp-json\/wp\/v2\/posts"}],"about":[{"href":"http:\/\/www.apucarana.pr.gov.br\/site\/wp-json\/wp\/v2\/types\/post"}],"author":[{"embeddable":true,"href":"http:\/\/www.apucarana.pr.gov.br\/site\/wp-json\/wp\/v2\/users\/4"}],"replies":[{"embeddable":true,"href":"http:\/\/www.apucarana.pr.gov.br\/site\/wp-json\/wp\/v2\/comments?post=29245"}],"version-history":[{"count":1,"href":"http:\/\/www.apucarana.pr.gov.br\/site\/wp-json\/wp\/v2\/posts\/29245\/revisions"}],"predecessor-version":[{"id":99833,"href":"http:\/\/www.apucarana.pr.gov.br\/site\/wp-json\/wp\/v2\/posts\/29245\/revisions\/99833"}],"wp:featuredmedia":[{"embeddable":true,"href":"http:\/\/www.apucarana.pr.gov.br\/site\/wp-json\/"}],"wp:attachment":[{"href":"http:\/\/www.apucarana.pr.gov.br\/site\/wp-json\/wp\/v2\/media?parent=29245"}],"wp:term":[{"taxonomy":"category","embeddable":true,"href":"http:\/\/www.apucarana.pr.gov.br\/site\/wp-json\/wp\/v2\/categories?post=29245"},{"taxonomy":"post_tag","embeddable":true,"href":"http:\/\/www.apucarana.pr.gov.br\/site\/wp-json\/wp\/v2\/tags?post=29245"}],"curies":[{"name":"wp","href":"https:\/\/api.w.org\/{rel}","templated":true}]}}