{"id":29204,"date":"2020-01-13T19:23:53","date_gmt":"2020-01-13T21:23:53","guid":{"rendered":"http:\/\/172.16.0.7\/site-antigo\/?p=29204"},"modified":"2024-10-08T09:20:34","modified_gmt":"2024-10-08T12:20:34","slug":"rotatoria-vai-disciplinar-fluxo-na-central-do-parana","status":"publish","type":"post","link":"http:\/\/www.apucarana.pr.gov.br\/site\/rotatoria-vai-disciplinar-fluxo-na-central-do-parana\/","title":{"rendered":"Rotat\u00f3ria vai disciplinar fluxo na \u201cCentral do Paran\u00e1\u201d"},"content":{"rendered":"<p>A Avenida Central do Paran\u00e1 vai ganhar uma intercess\u00e3o com rotat\u00f3ria. O equipamento ser\u00e1 constru\u00eddo no cruzamento com a Rua Dom Pedro II, no Jardim Ponta Grossa, nas imedia\u00e7\u00f5es da capela mortu\u00e1ria. A ordem de servi\u00e7o para in\u00edcio das obras foi assinada nesta segunda-feira (13\/01), em ato no gabinete municipal, pelo prefeito J\u00fanior da Femac. O investimento \u00e9 de R$149.989,45 mil e ter\u00e1 como respons\u00e1vel a Tapalam Constru\u00e7\u00f5es e Empreendimentos Ltda, vencedora da licita\u00e7\u00e3o.<br \/>\nO objetivo da prefeitura, atrav\u00e9s da Superintend\u00eancia de Seguran\u00e7a, Tr\u00e2nsito e Transporte do Instituto de Desenvolvimento, Pesquisa e Planejamento de Apucarana (Idepplan), \u00e9 disciplinar e dar melhor fluxo ao tr\u00e1fego. \u201cEste trecho da Avenida Central do Paran\u00e1 tem um tr\u00e1fego intenso e a constru\u00e7\u00e3o da rotat\u00f3ria acarretar\u00e1 na diminui\u00e7\u00e3o do conflito, proporcionando conforto e seguran\u00e7a ao tr\u00e2nsito, para os comerciantes e moradores da regi\u00e3o\u201d, pontuou o prefeito J\u00fanior da Femac.<br \/>\nAl\u00e9m da grande densidade populacional, citou J\u00fanior, nos \u00faltimos anos \u2013 al\u00e9m da exist\u00eancia da Pra\u00e7a CEU e da Unidade B\u00e1sica de Sa\u00fade Bolivar Pav\u00e3o -, a via recebeu importantes obras p\u00fablicas como a sede do Cons\u00f3rcio Intermunicipal de Sa\u00fade do Vale do Iva\u00ed e Regi\u00e3o (Cisvir), capela mortu\u00e1ria e, em fase de constru\u00e7\u00e3o, est\u00e1 a nova sede do F\u00f3rum Trabalhista de Apucarana, o que aumentou o fluxo de ve\u00edculos e exigiu o investimento.<br \/>\nPara a defini\u00e7\u00e3o da intercess\u00e3o em rotat\u00f3ria, explicou J\u00fanior da Femac, a equipe t\u00e9cnica do Idepplan conduziu uma s\u00e9rie de estudos. \u201cPor falta de conhecimento, muitos sugeriram que fosse instalado um sem\u00e1foro no local. Mas devido a exist\u00eancia da linha f\u00e9rrea, estava muito claro que n\u00e3o seria a solu\u00e7\u00e3o, pelo contr\u00e1rio, traria ainda mais riscos para a popula\u00e7\u00e3o. A solu\u00e7\u00e3o deveria trazer mais fluidez e a rotat\u00f3ria propicia isto\u201d, detalhou o prefeito.<br \/>\nDefinida a rotat\u00f3ria, um amplo estudo de levantamento de tr\u00e1fego foi realizado para saber quantos e que tipos de ve\u00edculos transitam pelo local diariamente. \u201cCom isto foi poss\u00edvel dimensionar o tamanho e formato do equipamento que autorizamos constru\u00e7\u00e3o e que estar\u00e1 preparado para suportar at\u00e9 tr\u00e2nsito de \u00f4nibus e carreta\u201d, revelou o prefeito. O raio da rotat\u00f3ria ter\u00e1 10 metros com uma pista de 8 metros de largura. A \u00e1rea da rotat\u00f3ria e das ilhas compreender\u00e1 392,40 m\u00b2, ser\u00e3o 499,90 m\u00b2 de cal\u00e7adas e 1.611,80 m\u00b2 de pavimenta\u00e7\u00e3o e recape.<br \/>\n\u201cUm equipamento grandioso e bonito\u201d, disse J\u00fanior, frisando que a obra \u00e9 mais uma marca da gest\u00e3o Beto Preto. \u201cApucarana tem desde 2013 uma administra\u00e7\u00e3o que pensa a cidade dos bairros para o centro, estabelecendo que todas os cidad\u00e3o s\u00e3o importantes. A Apucarana onde o centro tinha flores e as ruas dos bairros tinham lama e poeira faz parte de um passado, deu lugar a uma gest\u00e3o com planejamento, austeridade, seriedade e honestidade com os recursos p\u00fablicos, que investe apenas com o que de fato \u00e9 importante para a cidade\u201d, concluiu J\u00fanior da Femac.<br \/>\nEm nome da comunidade da regi\u00e3o, o p\u00e1roco da Par\u00f3quia Cristo Rei, padre Rui Fernando de Oliveira Santos cumprimentou a administra\u00e7\u00e3o municipal pelo investimento. \u201cEste projeto revela o olhar de cuidado da gest\u00e3o pela comunidade. Uma obra bem pensada, que vai ajudar a salvar vidas\u201d, pontuou o p\u00e1roco.<br \/>\nTamb\u00e9m prestigiaram o ato de assinatura da ordem de servi\u00e7o o diretor-presidente do Idepplan, Lafayete dos Santos Luz, o superintendente de Seguran\u00e7a, Tr\u00e2nsito e Transporte do Idepplan, Carlos Mendes, secret\u00e1rios municipais e os vereadores Lucas Leugi, Mauro Bertoli, Franciley \u201cPoim\u201d de Godoi e Jos\u00e9 Airton \u201cDeco\u201d de Ara\u00fajo. A empresa tem at\u00e9 90 dias para concluir a obra.<\/p>\n","protected":false},"excerpt":{"rendered":"<p>O equipamento ser\u00e1 constru\u00eddo no cruzamento com a Rua Dom Pedro II, no Jardim Ponta Grossa, nas imedia\u00e7\u00f5es da capela mortu\u00e1ria (Foto: PMA)<\/p>\n","protected":false},"author":4,"featured_media":29208,"comment_status":"closed","ping_status":"open","sticky":false,"template":"","format":"standard","meta":{"footnotes":""},"categories":[24],"tags":[],"class_list":["post-29204","post","type-post","status-publish","format-standard","has-post-thumbnail","hentry","category-noticias"],"acf":[],"_links":{"self":[{"href":"http:\/\/www.apucarana.pr.gov.br\/site\/wp-json\/wp\/v2\/posts\/29204","targetHints":{"allow":["GET"]}}],"collection":[{"href":"http:\/\/www.apucarana.pr.gov.br\/site\/wp-json\/wp\/v2\/posts"}],"about":[{"href":"http:\/\/www.apucarana.pr.gov.br\/site\/wp-json\/wp\/v2\/types\/post"}],"author":[{"embeddable":true,"href":"http:\/\/www.apucarana.pr.gov.br\/site\/wp-json\/wp\/v2\/users\/4"}],"replies":[{"embeddable":true,"href":"http:\/\/www.apucarana.pr.gov.br\/site\/wp-json\/wp\/v2\/comments?post=29204"}],"version-history":[{"count":1,"href":"http:\/\/www.apucarana.pr.gov.br\/site\/wp-json\/wp\/v2\/posts\/29204\/revisions"}],"predecessor-version":[{"id":99839,"href":"http:\/\/www.apucarana.pr.gov.br\/site\/wp-json\/wp\/v2\/posts\/29204\/revisions\/99839"}],"wp:featuredmedia":[{"embeddable":true,"href":"http:\/\/www.apucarana.pr.gov.br\/site\/wp-json\/"}],"wp:attachment":[{"href":"http:\/\/www.apucarana.pr.gov.br\/site\/wp-json\/wp\/v2\/media?parent=29204"}],"wp:term":[{"taxonomy":"category","embeddable":true,"href":"http:\/\/www.apucarana.pr.gov.br\/site\/wp-json\/wp\/v2\/categories?post=29204"},{"taxonomy":"post_tag","embeddable":true,"href":"http:\/\/www.apucarana.pr.gov.br\/site\/wp-json\/wp\/v2\/tags?post=29204"}],"curies":[{"name":"wp","href":"https:\/\/api.w.org\/{rel}","templated":true}]}}