{"id":29198,"date":"2020-01-13T16:07:25","date_gmt":"2020-01-13T18:07:25","guid":{"rendered":"http:\/\/172.16.0.7\/site-antigo\/?p=29198"},"modified":"2024-10-08T09:20:34","modified_gmt":"2024-10-08T12:20:34","slug":"autoridades-discutem-defesa-civil-em-apucarana","status":"publish","type":"post","link":"http:\/\/www.apucarana.pr.gov.br\/site\/autoridades-discutem-defesa-civil-em-apucarana\/","title":{"rendered":"Autoridades discutem Defesa Civil em Apucarana"},"content":{"rendered":"<p>Uma reuni\u00e3o entre o prefeito J\u00fanior da Femac e o comandante do 11\u00ba Grupamento de Bombeiros de Apucarana (11\u00ba GM), Major Andr\u00e9 Lopes, definiu uma s\u00e9rie de novas a\u00e7\u00f5es visando o aprimoramento da Defesa Civil no munic\u00edpio. O encontro, que aconteceu na \u00faltima sexta-feira (10\/01), no gabinete municipal, contou ainda com a participa\u00e7\u00e3o do comandante da Guarda Municipal de Apucarana e coordenador municipal da Defesa Civil, GM Alessandro Pereira Carletti e, pelo Corpo de Bombeiros, Capit\u00e3o Jeferson Jos\u00e9 Rossato e soldado Ludi\u00e9llen de Souza Louren\u00e7o.<br \/>\n\u201cA Defesa Civil j\u00e1 desenvolve muito bem sua miss\u00e3o atrav\u00e9s dos bombeiros, sob o comando do Major Andr\u00e9 Lopes, e tamb\u00e9m por interm\u00e9dio da prefeitura, sob coordena\u00e7\u00e3o do GM Carletti, mas \u00e9 nossa responsabilidade estarmos sempre vigilantes de modo a aprimorar frequentemente o sistema de preven\u00e7\u00e3o e resposta visando a seguran\u00e7a dos cidad\u00e3os\u201d, pontuou o prefeito.<br \/>\nJ\u00fanior frisa que os eventos clim\u00e1ticos s\u00e3o os que mais preocupam nesta \u00e9poca do ano. \u201cH\u00e1 30 dias tivemos uma grande precipita\u00e7\u00e3o pluviom\u00e9trica que afetou poucas \u00e1reas da cidade, sinal de que o trabalho de zeladoria da cidade por parte da prefeitura est\u00e1 sendo bem executado\u201d, afirmou.<br \/>\nNo dia 11 de dezembro, choveu 79 mil\u00edmetros, muito al\u00e9m do previsto. \u201cTivemos tr\u00eas registros de atendimento junto \u00e0 Defesa Civil, sendo alagamento na regi\u00e3o da UPA, queda de um muro de resid\u00eancia no Jardim Cidade Educa\u00e7\u00e3o e a invas\u00e3o de lama em casa do Residencial Interlagos, onde efetivamente vidas correram risco\u201d, lembrou o prefeito J\u00fanior da Femac. \u201cApucarana conta com tr\u00eas pluvi\u00f4metros e uma das decis\u00f5es que tomamos durante esta reuni\u00e3o \u00e9 aprimorar o sistema de alerta atrav\u00e9s destes aparelhos, que est\u00e3o instalados no p\u00e1tio de m\u00e1quina da prefeitura, na sede do 10\u00ba BPM e Col\u00e9gio Agr\u00edcola Estadual Manoel Ribas\u201d, comunicou J\u00fanior.<br \/>\nDurante o encontro, o comando do Corpo de Bombeiros de Apucarana detalhou o funcionamento do SISDC \u2013 Sistema Eletr\u00f4nico de Preenchimento de Dados da Defesa Civil, programa pioneiro elaborado pelo Governo do Paran\u00e1 que desde 2013 est\u00e1 em funcionamento no munic\u00edpio. \u201cO SISDC \u00e9 um sistema de gest\u00e3o que \u00e9 refer\u00eancia no Brasil, pois possui elementos que auxiliam na gest\u00e3o de riscos e desastres nos munic\u00edpios. A principal ferramenta para a gest\u00e3o municipal \u00e9 o Plano de Conting\u00eancia Online, no qual \u00e1reas de aten\u00e7\u00e3o, abrigos, recursos e pessoal envolvido na resposta s\u00e3o cadastrados, facilitando o atendimento\u201d, explicou Major Andr\u00e9 Lopes, destacando que o lema da Defesa Civil tem como base o Programa P2R2 \u2013 Preven\u00e7\u00e3o, Prepara\u00e7\u00e3o e Resposta R\u00e1pida a Emerg\u00eancias.<br \/>\nCiente do funcionamento do sistema, o prefeito J\u00fanior da Femac informou que vai destacar um profissional da \u00e1rea da engenharia ou arquitetura para auxiliar a Defesa Civil de Apucarana na administra\u00e7\u00e3o do abastecimento de dados junto ao SISDC e resposta \u00e0s ocorr\u00eancias. \u201cTrata-se de uma ferramenta muito importante que o Munic\u00edpio se compromete a refor\u00e7ar a equipe de coordena\u00e7\u00e3o operacional visando atualiza\u00e7\u00e3o da plataforma e apoio \u00e0s a\u00e7\u00f5es de campo\u201d, afirmou J\u00fanior.<br \/>\nA cria\u00e7\u00e3o de um canal de comunica\u00e7\u00e3o atrav\u00e9s de um telefone exclusivo para a Defesa Civil tamb\u00e9m foi pauta da reuni\u00e3o. \u201cVamos buscar a ativa\u00e7\u00e3o do telefone 199 para a cidade, canal por onde a popula\u00e7\u00e3o ter\u00e1 linha direta com a coordena\u00e7\u00e3o municipal\u201d, disse o prefeito J\u00fanior da Femac. Atualmente, as chamadas s\u00e3o encaminhadas pelo Corpo de Bombeiros (193), Pol\u00edcia Militar (190) e Guarda Municipal (153).<br \/>\nRespons\u00e1vel pela parte operacional da Defesa Civil junto ao 11\u00aa Grupamento de Bombeiros de Apucarana, Capit\u00e3o Rossato informou ao prefeito que a coordenadoria municipal realiza frequentemente simulados. \u201cAl\u00e9m dos agentes oficiais, contamos com a participa\u00e7\u00e3o de volunt\u00e1rios, como por exemplo um grupo de radioamadores, que est\u00e3o capacitados em contribuir em caso de queda da comunica\u00e7\u00e3o. Caso Apucarana fique sem a rede de telefonia e internet, eles est\u00e3o aptos a montar uma torre de transmiss\u00e3o, auxiliando as equipes de socorro\u201d, exemplificou o capit\u00e3o.<br \/>\nOutros assuntos tratados pelas autoridades foram a disponibilidade, por parte da prefeitura, de um novo local para acondicionamento dos materiais da Defesa Civil, como lonas, cobertores, colch\u00f5es, e um canal online para o cadastramento de volunt\u00e1rios.<\/p>\n","protected":false},"excerpt":{"rendered":"<p>Impacto de eventos clim\u00e1ticos \u00e9 o que mais preocupa a coordenadoria municipal nesta \u00e9poca do ano (Foto: PMA)<\/p>\n","protected":false},"author":4,"featured_media":29201,"comment_status":"closed","ping_status":"open","sticky":false,"template":"","format":"standard","meta":{"footnotes":""},"categories":[24],"tags":[],"class_list":["post-29198","post","type-post","status-publish","format-standard","has-post-thumbnail","hentry","category-noticias"],"acf":[],"_links":{"self":[{"href":"http:\/\/www.apucarana.pr.gov.br\/site\/wp-json\/wp\/v2\/posts\/29198","targetHints":{"allow":["GET"]}}],"collection":[{"href":"http:\/\/www.apucarana.pr.gov.br\/site\/wp-json\/wp\/v2\/posts"}],"about":[{"href":"http:\/\/www.apucarana.pr.gov.br\/site\/wp-json\/wp\/v2\/types\/post"}],"author":[{"embeddable":true,"href":"http:\/\/www.apucarana.pr.gov.br\/site\/wp-json\/wp\/v2\/users\/4"}],"replies":[{"embeddable":true,"href":"http:\/\/www.apucarana.pr.gov.br\/site\/wp-json\/wp\/v2\/comments?post=29198"}],"version-history":[{"count":1,"href":"http:\/\/www.apucarana.pr.gov.br\/site\/wp-json\/wp\/v2\/posts\/29198\/revisions"}],"predecessor-version":[{"id":99840,"href":"http:\/\/www.apucarana.pr.gov.br\/site\/wp-json\/wp\/v2\/posts\/29198\/revisions\/99840"}],"wp:featuredmedia":[{"embeddable":true,"href":"http:\/\/www.apucarana.pr.gov.br\/site\/wp-json\/"}],"wp:attachment":[{"href":"http:\/\/www.apucarana.pr.gov.br\/site\/wp-json\/wp\/v2\/media?parent=29198"}],"wp:term":[{"taxonomy":"category","embeddable":true,"href":"http:\/\/www.apucarana.pr.gov.br\/site\/wp-json\/wp\/v2\/categories?post=29198"},{"taxonomy":"post_tag","embeddable":true,"href":"http:\/\/www.apucarana.pr.gov.br\/site\/wp-json\/wp\/v2\/tags?post=29198"}],"curies":[{"name":"wp","href":"https:\/\/api.w.org\/{rel}","templated":true}]}}