{"id":29157,"date":"2020-01-10T19:11:55","date_gmt":"2020-01-10T21:11:55","guid":{"rendered":"http:\/\/172.16.0.7\/site-antigo\/?p=29157"},"modified":"2024-10-08T09:20:35","modified_gmt":"2024-10-08T12:20:35","slug":"organizacao-orienta-feirantes-e-expositores-da-festa-de-aniversario","status":"publish","type":"post","link":"http:\/\/www.apucarana.pr.gov.br\/site\/organizacao-orienta-feirantes-e-expositores-da-festa-de-aniversario\/","title":{"rendered":"Organiza\u00e7\u00e3o orienta feirantes e expositores da festa de anivers\u00e1rio"},"content":{"rendered":"<p>Comerciantes da Feirinha da Lua, da Associa\u00e7\u00e3o Cultural e Esportiva de Apucarana (Acea), da Rede de Economia Solid\u00e1ria e Protagonismo Feminino da Secretaria da Mulher e Assuntos da Fam\u00edlia e outros expositores avulsos que v\u00e3o atuar nas festividades dos 76 anos de Apucarana participaram nesta sexta-feira (10\/01), no sal\u00e3o nobre da prefeitura, de um encontro com membros da organiza\u00e7\u00e3o e das for\u00e7as de seguran\u00e7a.<br \/>\nRealizada a pedido do prefeito J\u00fanior da Femac, a reuni\u00e3o objetivou repassar dicas de seguran\u00e7a e detalhes da extensa programa\u00e7\u00e3o que acontece entre os dias 24 e 27 de janeiro, na Pra\u00e7a Rui Barbosa. \u201cS\u00e3o esperadas milhares de pessoas em todos os dias dos festejos e, assim como aconteceu no ano passado e em todos os demais da gest\u00e3o Beto Preto, queremos que tudo transcorra bem, em clima familiar, como deve ser\u201d, pontua o prefeito.<br \/>\nA principal preocupa\u00e7\u00e3o \u00e9 quanto aos shows, especialmente da dupla Bruno e Marrone. \u201cUm ranking nacional aponta que nos \u00faltimos 25 anos as m\u00fasicas da dupla Bruno e Marrone est\u00e3o entre as tr\u00eas mais tocadas no Brasil. Por isso, acreditamos que o show ir\u00e1 reunir entre 40 e 50 mil pessoas de Apucarana e toda a regi\u00e3o\u201d, projeta J\u00fanior da Femac. Al\u00e9m da dupla nacional, a pra\u00e7a vai receber shows com artistas locais, pra\u00e7a de alimenta\u00e7\u00e3o e a tradicional Prova Pedestre 28 de Janeiro.<br \/>\nDurante o encontro, que contou com a presen\u00e7a do subcomandante Major Marcos Jos\u00e9 F\u00e1cio e do Major Vilson Laurentino da Silva, pelo 10\u00ba Batalh\u00e3o da Pol\u00edcia Militar (10\u00ba BPM), do capit\u00e3o Jeferson Jos\u00e9 Rossato, pelo 11\u00ba Grupamento de Bombeiros (11\u00ba GB), e do comandante da Guarda Municipal, GM Alessandro Pereira Carletti, os comerciantes foram orientados a respeitarem os hor\u00e1rios de fechamento das barracas para contribuir com os trabalhos de seguran\u00e7a. Segundo Major F\u00e1cio, a Pol\u00edcia Militar, que estar\u00e1 agindo com apoio da Guarda Municipal, vai contar com policiamento via drone e refor\u00e7o da cavalaria. \u201cMais uma vez estaremos atuando com o policiamento preventivo visando a seguran\u00e7a de todos os envolvidos\u201d, afirmou o major.<br \/>\nOs hor\u00e1rios de abertura e encerramento da festa ficaram definidos da seguinte forma: \u201cNo dia 24, a programa\u00e7\u00e3o acontecer\u00e1 das 18 horas \u00e0 meia-noite. Dia 25, do meio-dia \u00e0 meia-noite e meia, dia 26 do meio-dia \u00e0 meia-noite e, dia 27, das 18 horas at\u00e9 uma hora da madrugada\u201d, comunicou Joaquim Rosina, assessor da Secretaria Municipal da Ind\u00fastria, Com\u00e9rcio e Emprego.<br \/>\nPelo 11\u00ba Grupamento de Bombeiros, Capit\u00e3o Rossato falou sobre os cuidados necess\u00e1rios com a manipula\u00e7\u00e3o dos botij\u00f5es de g\u00e1s. \u201cPedimos que n\u00e3o haja a troca durante o atendimento. Antes de come\u00e7ar, importante que o comerciante verifique o botij\u00e3o e, caso esteja no fim, j\u00e1 realize a substitui\u00e7\u00e3o. Na correria, pode acontecer uma m\u00e1 conex\u00e3o e at\u00e9 mesmo o cheiro do g\u00e1s pode gerar tumulto junto \u00e0 multid\u00e3o, causando algo grave como empurra-empurra e at\u00e9 pisoteamento\u201d, alertou o bombeiro.<br \/>\nAo longo da reuni\u00e3o, agentes municipais de diversas secretarias se revezaram repassando outras orienta\u00e7\u00f5es. \u201cHor\u00e1rios permitidos para embarque e desembarque de mercadorias, cuidados com a energia el\u00e9trica, com a disposi\u00e7\u00e3o dos banners e cartazes das barracas de modo a evitar polui\u00e7\u00e3o visual e sobre o funcionamento do transporte coletivo, onde a Via\u00e7\u00e3o Apucarana Ltda dever\u00e1 estender os hor\u00e1rios das linhas para atender a popula\u00e7\u00e3o que prestigiar os shows art\u00edsticos\u201d, relata Edison Peres Estrope, secret\u00e1rio Municipal da Ind\u00fastria, Com\u00e9rcio e Emprego.<br \/>\nDetalhes sobre o trabalho da fiscaliza\u00e7\u00e3o, que vai inibir a a\u00e7\u00e3o de vendedores n\u00e3o credenciados, e o funcionamento do sistema de tr\u00e2nsito durante os dias dos festejos, tamb\u00e9m foram repassados aos presentes.<br \/>\nA programa\u00e7\u00e3o art\u00edstica, cultural e esportiva dos 76 anos de Apucarana est\u00e1 sendo fechada e devem ser divulgada oficialmente na pr\u00f3xima semana.<\/p>\n","protected":false},"excerpt":{"rendered":"<p>Realizada a pedido do prefeito J\u00fanior da Femac, a reuni\u00e3o objetivou repassar dicas de seguran\u00e7a e detalhes da extensa programa\u00e7\u00e3o (Foto:  PMA)<\/p>\n","protected":false},"author":4,"featured_media":29161,"comment_status":"closed","ping_status":"open","sticky":false,"template":"","format":"standard","meta":{"footnotes":""},"categories":[24],"tags":[],"class_list":["post-29157","post","type-post","status-publish","format-standard","has-post-thumbnail","hentry","category-noticias"],"acf":[],"_links":{"self":[{"href":"http:\/\/www.apucarana.pr.gov.br\/site\/wp-json\/wp\/v2\/posts\/29157","targetHints":{"allow":["GET"]}}],"collection":[{"href":"http:\/\/www.apucarana.pr.gov.br\/site\/wp-json\/wp\/v2\/posts"}],"about":[{"href":"http:\/\/www.apucarana.pr.gov.br\/site\/wp-json\/wp\/v2\/types\/post"}],"author":[{"embeddable":true,"href":"http:\/\/www.apucarana.pr.gov.br\/site\/wp-json\/wp\/v2\/users\/4"}],"replies":[{"embeddable":true,"href":"http:\/\/www.apucarana.pr.gov.br\/site\/wp-json\/wp\/v2\/comments?post=29157"}],"version-history":[{"count":1,"href":"http:\/\/www.apucarana.pr.gov.br\/site\/wp-json\/wp\/v2\/posts\/29157\/revisions"}],"predecessor-version":[{"id":99845,"href":"http:\/\/www.apucarana.pr.gov.br\/site\/wp-json\/wp\/v2\/posts\/29157\/revisions\/99845"}],"wp:featuredmedia":[{"embeddable":true,"href":"http:\/\/www.apucarana.pr.gov.br\/site\/wp-json\/"}],"wp:attachment":[{"href":"http:\/\/www.apucarana.pr.gov.br\/site\/wp-json\/wp\/v2\/media?parent=29157"}],"wp:term":[{"taxonomy":"category","embeddable":true,"href":"http:\/\/www.apucarana.pr.gov.br\/site\/wp-json\/wp\/v2\/categories?post=29157"},{"taxonomy":"post_tag","embeddable":true,"href":"http:\/\/www.apucarana.pr.gov.br\/site\/wp-json\/wp\/v2\/tags?post=29157"}],"curies":[{"name":"wp","href":"https:\/\/api.w.org\/{rel}","templated":true}]}}