{"id":29120,"date":"2020-01-09T17:03:49","date_gmt":"2020-01-09T19:03:49","guid":{"rendered":"http:\/\/172.16.0.7\/site-antigo\/?p=29120"},"modified":"2024-10-08T09:20:35","modified_gmt":"2024-10-08T12:20:35","slug":"prefeitura-inicia-obra-do-espaco-das-feiras","status":"publish","type":"post","link":"http:\/\/www.apucarana.pr.gov.br\/site\/prefeitura-inicia-obra-do-espaco-das-feiras\/","title":{"rendered":"Prefeitura inicia obra do Espa\u00e7o das Feiras"},"content":{"rendered":"<p>A Construtora Vitorino, de Apucarana, iniciou nesta semana a obra do Espa\u00e7o das Feiras que funcionar\u00e1 na Rua Talita Brezolin, ao lado do Cemit\u00e9rio da Saudade e da Capela Nossa Senhora da Esperan\u00e7a. A ordem de servi\u00e7o foi assinada no dia 20 de dezembro pelo prefeito Junior da Femac.<br \/>\nA obra, com prazo de execu\u00e7\u00e3o de 6 meses, ter\u00e1 um investimento de R$ 1.616.670,59, com recursos pr\u00f3prios do munic\u00edpio, sendo que R$ 1.250.000,00 s\u00e3o de recursos de devolu\u00e7\u00e3o do Legislativo. Este equipamento p\u00fablico foi projetado para abrigar as principais feiras existentes em Apucarana, com destaque \u00e0s do produtor rural e do artesanato, que hoje funcionam no Terminal Urbano de Transporte Coletivo S\u00edlvio Stocco.<br \/>\n\u201cAl\u00e9m da parte preparada para gastronomia e para feira, neste espa\u00e7o vai acontecer, uma vez por semana, a Feira da Roupa. Apucarana produz 25,2% de toda roupa confeccionada no Paran\u00e1 e vamos garantir um local de comercializa\u00e7\u00e3o para este importante setor da nossa ind\u00fastria\u201d, informa o prefeito Junior da Femac.<br \/>\nO espa\u00e7o das feiras de Apucarana contar\u00e1 com um grande pavilh\u00e3o coberto, com \u00e1rea de 1.400 metros quadrados. Al\u00e9m de 30 pontos gastron\u00f4micos fixos, ser\u00e1 destinado espa\u00e7o livre com capacidade para abrigar mais 80 feirantes. Toda a estrutura ser\u00e1 met\u00e1lica e o espa\u00e7o atender\u00e1 crit\u00e9rios de acessibilidade, contando tamb\u00e9m com \u00e1rea de carga e descarga, sanit\u00e1rios, frald\u00e1rio e deck externo.<br \/>\nO pavilh\u00e3o ter\u00e1 100 metros de comprimento por 13 metros de largura. Tamb\u00e9m foi projetado um espa\u00e7o para coloca\u00e7\u00e3o de mesas ao ar livre. \u201cA id\u00e9ia \u00e9 que seja um espa\u00e7o p\u00fablico, livre e totalmente aberto, que possa abrigar v\u00e1rios tipos de feira\u201d, afirma Anellize Alves Campana, arquiteta do Instituto de Desenvolvimento, Pesquisa e Planejamento de Apucarana (Idepplan), respons\u00e1vel pela elabora\u00e7\u00e3o do projeto.<\/p>\n","protected":false},"excerpt":{"rendered":"<p>Este equipamento p\u00fablico vai abrigar as principais feiras de Apucarana, como a do produtor rural e do artesanato<\/p>\n","protected":false},"author":4,"featured_media":29121,"comment_status":"closed","ping_status":"open","sticky":false,"template":"","format":"standard","meta":{"footnotes":""},"categories":[24],"tags":[],"class_list":["post-29120","post","type-post","status-publish","format-standard","has-post-thumbnail","hentry","category-noticias"],"acf":[],"_links":{"self":[{"href":"http:\/\/www.apucarana.pr.gov.br\/site\/wp-json\/wp\/v2\/posts\/29120","targetHints":{"allow":["GET"]}}],"collection":[{"href":"http:\/\/www.apucarana.pr.gov.br\/site\/wp-json\/wp\/v2\/posts"}],"about":[{"href":"http:\/\/www.apucarana.pr.gov.br\/site\/wp-json\/wp\/v2\/types\/post"}],"author":[{"embeddable":true,"href":"http:\/\/www.apucarana.pr.gov.br\/site\/wp-json\/wp\/v2\/users\/4"}],"replies":[{"embeddable":true,"href":"http:\/\/www.apucarana.pr.gov.br\/site\/wp-json\/wp\/v2\/comments?post=29120"}],"version-history":[{"count":1,"href":"http:\/\/www.apucarana.pr.gov.br\/site\/wp-json\/wp\/v2\/posts\/29120\/revisions"}],"predecessor-version":[{"id":99850,"href":"http:\/\/www.apucarana.pr.gov.br\/site\/wp-json\/wp\/v2\/posts\/29120\/revisions\/99850"}],"wp:featuredmedia":[{"embeddable":true,"href":"http:\/\/www.apucarana.pr.gov.br\/site\/wp-json\/"}],"wp:attachment":[{"href":"http:\/\/www.apucarana.pr.gov.br\/site\/wp-json\/wp\/v2\/media?parent=29120"}],"wp:term":[{"taxonomy":"category","embeddable":true,"href":"http:\/\/www.apucarana.pr.gov.br\/site\/wp-json\/wp\/v2\/categories?post=29120"},{"taxonomy":"post_tag","embeddable":true,"href":"http:\/\/www.apucarana.pr.gov.br\/site\/wp-json\/wp\/v2\/tags?post=29120"}],"curies":[{"name":"wp","href":"https:\/\/api.w.org\/{rel}","templated":true}]}}