{"id":29115,"date":"2020-01-09T16:45:56","date_gmt":"2020-01-09T18:45:56","guid":{"rendered":"http:\/\/172.16.0.7\/site-antigo\/?p=29115"},"modified":"2024-10-08T09:20:35","modified_gmt":"2024-10-08T12:20:35","slug":"prefeitura-oferta-cursos-de-organizacao-de-almoxarifado-e-estoque-e-design-de-sobrancelhas","status":"publish","type":"post","link":"http:\/\/www.apucarana.pr.gov.br\/site\/prefeitura-oferta-cursos-de-organizacao-de-almoxarifado-e-estoque-e-design-de-sobrancelhas\/","title":{"rendered":"Prefeitura oferta cursos de Organiza\u00e7\u00e3o de Almoxarifado e Estoque, e Design de Sobrancelhas"},"content":{"rendered":"<p><strong>\u00a0\u00a0<\/strong>A Secretaria Municipal de Ind\u00fastria Com\u00e9rcio e Emprego, atrav\u00e9s do Centro de Qualifica\u00e7\u00e3o Total, informa abertura de inscri\u00e7\u00f5es no pr\u00f3ximo dia 14 para dois cursos oferecidos gratuitamente pela prefeitura Apucarana. Com 30 vagas, o de \u201cOrganiza\u00e7\u00e3o de Almoxarifado e Estoque\u201d\u00a0exige idade m\u00ednima 18 anos. J\u00e1 o de Design de Sobrancelhas, com 20 vagas, recebe alunos a partir dos 16 anos.<br \/>\nAs inscri\u00e7\u00f5es ficam abertas at\u00e9 o dia 5 de fevereiro, no Centro de Qualifica\u00e7\u00e3o Total,\u00a0localizado na Rua Ouro Verde, 300, Jardim Am\u00e9rica, fone 3426-7241, nos hor\u00e1rios de 8 horas \u00e0s\u00a012 horas e das 13 horas \u00e0s 17 horas. A\u00a0escolaridade necess\u00e1ria \u00e9 fundamental incompleto.<br \/>\nOs maiores de 18 anos devem apresentar fotoc\u00f3pia do RG e CPF. A documenta\u00e7\u00e3o necess\u00e1ria para os maiores de 16 anos e menores de 18 anos \u00e9 fotoc\u00f3pia do RG e CPF e dever\u00e3o estar\u00a0acompanhados dos respons\u00e1veis\u00a0(pai ou m\u00e3e) tamb\u00e9m munidos de fotoc\u00f3pia do RG e CPF.<br \/>\nOs cursos ser\u00e3o realizados no Servi\u00e7o Nacional de Aprendizagem (SENAC), localizado na Rua Gast\u00e3o Vidigal, 185, (pr\u00f3ximo do lago Jaboti) com in\u00edcio das aulas no dia 17 de fevereiro e termina no dia 21 de fevereiro, no hor\u00e1rio\u00a0 das 19 horas \u00e0s 22 horas, de segunda-feira a sexta-feira. Os dois cursos s\u00e3o de 15 horas.<br \/>\n&nbsp;<br \/>\n&nbsp;<\/p>\n","protected":false},"excerpt":{"rendered":"<p>Inscri\u00e7\u00f5es abrem no pr\u00f3ximo dia 14 e seguem at\u00e9 5 de fevereiro no Centro de Qualifica\u00e7\u00e3o Total<\/p>\n","protected":false},"author":4,"featured_media":29117,"comment_status":"closed","ping_status":"open","sticky":false,"template":"","format":"standard","meta":{"footnotes":""},"categories":[24],"tags":[],"class_list":["post-29115","post","type-post","status-publish","format-standard","has-post-thumbnail","hentry","category-noticias"],"acf":[],"_links":{"self":[{"href":"http:\/\/www.apucarana.pr.gov.br\/site\/wp-json\/wp\/v2\/posts\/29115","targetHints":{"allow":["GET"]}}],"collection":[{"href":"http:\/\/www.apucarana.pr.gov.br\/site\/wp-json\/wp\/v2\/posts"}],"about":[{"href":"http:\/\/www.apucarana.pr.gov.br\/site\/wp-json\/wp\/v2\/types\/post"}],"author":[{"embeddable":true,"href":"http:\/\/www.apucarana.pr.gov.br\/site\/wp-json\/wp\/v2\/users\/4"}],"replies":[{"embeddable":true,"href":"http:\/\/www.apucarana.pr.gov.br\/site\/wp-json\/wp\/v2\/comments?post=29115"}],"version-history":[{"count":1,"href":"http:\/\/www.apucarana.pr.gov.br\/site\/wp-json\/wp\/v2\/posts\/29115\/revisions"}],"predecessor-version":[{"id":99851,"href":"http:\/\/www.apucarana.pr.gov.br\/site\/wp-json\/wp\/v2\/posts\/29115\/revisions\/99851"}],"wp:featuredmedia":[{"embeddable":true,"href":"http:\/\/www.apucarana.pr.gov.br\/site\/wp-json\/"}],"wp:attachment":[{"href":"http:\/\/www.apucarana.pr.gov.br\/site\/wp-json\/wp\/v2\/media?parent=29115"}],"wp:term":[{"taxonomy":"category","embeddable":true,"href":"http:\/\/www.apucarana.pr.gov.br\/site\/wp-json\/wp\/v2\/categories?post=29115"},{"taxonomy":"post_tag","embeddable":true,"href":"http:\/\/www.apucarana.pr.gov.br\/site\/wp-json\/wp\/v2\/tags?post=29115"}],"curies":[{"name":"wp","href":"https:\/\/api.w.org\/{rel}","templated":true}]}}