{"id":29112,"date":"2020-01-09T16:42:21","date_gmt":"2020-01-09T18:42:21","guid":{"rendered":"http:\/\/172.16.0.7\/site-antigo\/?p=29112"},"modified":"2024-10-08T09:20:35","modified_gmt":"2024-10-08T12:20:35","slug":"prefeitura-intensifica-recuperacao-do-asfalto","status":"publish","type":"post","link":"http:\/\/www.apucarana.pr.gov.br\/site\/prefeitura-intensifica-recuperacao-do-asfalto\/","title":{"rendered":"Prefeitura intensifica recupera\u00e7\u00e3o do asfalto"},"content":{"rendered":"<p>Com a chegada das chuvas de ver\u00e3o, os danos na malha vi\u00e1ria de Apucarana se avolumaram. Diante deste cen\u00e1rio, a Secretaria Municipal de Servi\u00e7os P\u00fablicos est\u00e1 intensificando os trabalhos de recupera\u00e7\u00e3o do pavimento, priorizando os trechos mais danificados.<br \/>\nNesta quinta-feira (09\/01) os servi\u00e7os foram executados nas ruas Pedro \u00c1lvares Cabral e Crist\u00f3v\u00e3o Colombo, nas proximidades do Col\u00e9gio Plat\u00e3o. \u201cApucarana tem 670 quil\u00f4metros de ruas e, em mais da metade delas, o asfalto \u00e9 bastante antigo, fazendo com que a \u00e1gua infiltre com maior facilidade e gerando danos no pavimento\u201d, frisa o prefeito Junior da Femac.<br \/>\nDe acordo com o prefeito, a Secretaria Municipal de Servi\u00e7os P\u00fablicos estabeleceu um cronograma de obras e diariamente os servi\u00e7os ser\u00e3o executados em uma regi\u00e3o da cidade. Nos pr\u00f3ximos dias, a recupera\u00e7\u00e3o emergencial ser\u00e1 feita no Jardim Catua\u00ed, Jardim Trabalhista, Jardim It\u00e1lia e Parque Industrial Oeste II, entre outros.<br \/>\nO prefeito lembra que a previs\u00e3o para os pr\u00f3ximos dias \u00e9 de chuva e pede a compreens\u00e3o da popula\u00e7\u00e3o. \u201cEstamos atentos, definindo prioridades e diariamente recebendo informa\u00e7\u00f5es da situa\u00e7\u00e3o das ruas. Sabemos que a previs\u00e3o \u00e9 de mais chuva para os pr\u00f3ximos dias, mas isso n\u00e3o ser\u00e1 empecilho para que continuemos os trabalhos de recupera\u00e7\u00e3o. A nossa equipe est\u00e1 de prontid\u00e3o e aproveitaremos ao m\u00e1ximo o tempo dispon\u00edvel para avan\u00e7armos nos trabalhos\u201d, reitera Junior da Femac.<\/p>\n","protected":false},"excerpt":{"rendered":"<p>A Secretaria Municipal de Servi\u00e7os P\u00fablicos estabeleceu um cronograma de obras e diariamente os servi\u00e7os ser\u00e3o executados em uma regi\u00e3o da cidade (Foto: PMA)<\/p>\n","protected":false},"author":4,"featured_media":29113,"comment_status":"closed","ping_status":"open","sticky":false,"template":"","format":"standard","meta":{"footnotes":""},"categories":[24],"tags":[],"class_list":["post-29112","post","type-post","status-publish","format-standard","has-post-thumbnail","hentry","category-noticias"],"acf":[],"_links":{"self":[{"href":"http:\/\/www.apucarana.pr.gov.br\/site\/wp-json\/wp\/v2\/posts\/29112","targetHints":{"allow":["GET"]}}],"collection":[{"href":"http:\/\/www.apucarana.pr.gov.br\/site\/wp-json\/wp\/v2\/posts"}],"about":[{"href":"http:\/\/www.apucarana.pr.gov.br\/site\/wp-json\/wp\/v2\/types\/post"}],"author":[{"embeddable":true,"href":"http:\/\/www.apucarana.pr.gov.br\/site\/wp-json\/wp\/v2\/users\/4"}],"replies":[{"embeddable":true,"href":"http:\/\/www.apucarana.pr.gov.br\/site\/wp-json\/wp\/v2\/comments?post=29112"}],"version-history":[{"count":1,"href":"http:\/\/www.apucarana.pr.gov.br\/site\/wp-json\/wp\/v2\/posts\/29112\/revisions"}],"predecessor-version":[{"id":99852,"href":"http:\/\/www.apucarana.pr.gov.br\/site\/wp-json\/wp\/v2\/posts\/29112\/revisions\/99852"}],"wp:featuredmedia":[{"embeddable":true,"href":"http:\/\/www.apucarana.pr.gov.br\/site\/wp-json\/"}],"wp:attachment":[{"href":"http:\/\/www.apucarana.pr.gov.br\/site\/wp-json\/wp\/v2\/media?parent=29112"}],"wp:term":[{"taxonomy":"category","embeddable":true,"href":"http:\/\/www.apucarana.pr.gov.br\/site\/wp-json\/wp\/v2\/categories?post=29112"},{"taxonomy":"post_tag","embeddable":true,"href":"http:\/\/www.apucarana.pr.gov.br\/site\/wp-json\/wp\/v2\/tags?post=29112"}],"curies":[{"name":"wp","href":"https:\/\/api.w.org\/{rel}","templated":true}]}}