{"id":2851,"date":"2015-05-19T11:57:59","date_gmt":"2015-05-19T11:57:59","guid":{"rendered":"http:\/\/172.16.0.7\/site-antigo\/?p=2851"},"modified":"2024-10-08T09:10:55","modified_gmt":"2024-10-08T12:10:55","slug":"rede-de-atencao-psicossocial-tem-semana-de-capacitacao","status":"publish","type":"post","link":"http:\/\/www.apucarana.pr.gov.br\/site\/rede-de-atencao-psicossocial-tem-semana-de-capacitacao\/","title":{"rendered":"Rede de aten\u00e7\u00e3o psicossocial tem semana de capacita\u00e7\u00e3o"},"content":{"rendered":"<p><p>Cerca de 40 profissionais da \u00e1rea de sa\u00fade mental e s\u00f3cio-assistencial est\u00e3o, desde segunda-feira, participando de uma semana de capacita\u00e7\u00e3o, que est\u00e1 ocorrendo no polo de Apucarana da Universidade Aberta do Brasil (UAB). A oficina de atualiza\u00e7\u00e3o conta ainda com a participa\u00e7\u00e3o de t\u00e9cnicos do Minist\u00e9rio da Sa\u00fade e do Munic\u00edpio de Santo Andr\u00e9, com o qual Apucarana realiza um interc&acirc;mbio. O treinamento faz parte de um programa do Governo Federal que visa a capacita\u00e7\u00e3o de profissionais que integram a Rede de Aten\u00e7\u00e3o Psicossocial (RAPS).<\/p>\n<p>De acordo com o prefeito de Apucarana, Beto Preto, o Munic\u00edpio foi selecionado, em 2013, para participar do Projeto de Interc&acirc;mbio de Experi\u00eancias e Percursos Formativos. &ldquo;Apucarana recebe um recurso financeiro do Governo Federal e mensalmente dois profissionais v\u00e3o at\u00e9 Santo Andr\u00e9, onde participam do interc&acirc;mbio&rdquo;, afirma, salientando que o programa tem como prioridade o atendimento de pessoas que sofrem com transtornos mentais, especialmente em situa\u00e7\u00f5es que envolvem dependentes qu\u00edmicos (\u00e1lcool e drogas).<\/p>\n<p>Al\u00e9m da troca de experi\u00eancias na rede preceptora (Santo Andr\u00e9), o programa prev\u00ea capacita\u00e7\u00f5es na cidade em forma\u00e7\u00e3o, que \u00e9 o caso de Apucarana. &ldquo;Nesta etapa, s\u00e3o 20 horas de forma\u00e7\u00e3o e outras 20 horas de visita\u00e7\u00e3o. Al\u00e9m dos conte\u00fados repassados no polo da UAB, durante esta semana est\u00e3o previstas visitas ao Abrigo e ao Centro Pop e ao Caps &Aacute;lcool e Drogas. O objetivo principal \u00e9 fortalecer os v\u00ednculos entre os servi\u00e7os e melhorar o atendimento das pessoas com transtornos mentais&rdquo;, frisa a enfermeira Lilian Domingues, coordenadora do Departamento Municipal de Sa\u00fade Mental.<\/p>\n<p>A capacita\u00e7\u00e3o iniciou na segunda-feira, enfocando o fortalecimento da RAPS e o enfrentamento do preconceito. Nesta ter\u00e7a-feira, a tem\u00e1tica \u00e9 o trabalho em rede com destaque para a atua\u00e7\u00e3o junto \u00e0 aten\u00e7\u00e3o b\u00e1sica. &ldquo;A programa\u00e7\u00e3o tem sequ\u00eancia nesta quarta-feira, com enfoque no manejo dos casos de &Aacute;lcool e Drogas, superando o mito da interna\u00e7\u00e3o fechada. Na quinta-feira, o debate ocorre em torno da sustenta\u00e7\u00e3o da crise na comunidade e, na sexta-feira, a semana ser\u00e1 encerrada com uma abordagem sobre acesso, locais de refer\u00eancia, atua\u00e7\u00e3o em espa\u00e7os coletivos e trabalho em equipe interdisciplinar&rdquo;, detalha Lilian. <\/p>\n<p><\/p>\n","protected":false},"excerpt":{"rendered":"<p>Objetivo &eacute; fortalecer os v&iacute;nculos entre os servi&ccedil;os e melhorar o atendimento das pessoas com transtornos mentais<\/p>\n","protected":false},"author":4,"featured_media":0,"comment_status":"closed","ping_status":"closed","sticky":false,"template":"","format":"standard","meta":{"footnotes":""},"categories":[24],"tags":[],"class_list":["post-2851","post","type-post","status-publish","format-standard","hentry","category-noticias"],"acf":[],"_links":{"self":[{"href":"http:\/\/www.apucarana.pr.gov.br\/site\/wp-json\/wp\/v2\/posts\/2851","targetHints":{"allow":["GET"]}}],"collection":[{"href":"http:\/\/www.apucarana.pr.gov.br\/site\/wp-json\/wp\/v2\/posts"}],"about":[{"href":"http:\/\/www.apucarana.pr.gov.br\/site\/wp-json\/wp\/v2\/types\/post"}],"author":[{"embeddable":true,"href":"http:\/\/www.apucarana.pr.gov.br\/site\/wp-json\/wp\/v2\/users\/4"}],"replies":[{"embeddable":true,"href":"http:\/\/www.apucarana.pr.gov.br\/site\/wp-json\/wp\/v2\/comments?post=2851"}],"version-history":[{"count":1,"href":"http:\/\/www.apucarana.pr.gov.br\/site\/wp-json\/wp\/v2\/posts\/2851\/revisions"}],"predecessor-version":[{"id":104028,"href":"http:\/\/www.apucarana.pr.gov.br\/site\/wp-json\/wp\/v2\/posts\/2851\/revisions\/104028"}],"wp:attachment":[{"href":"http:\/\/www.apucarana.pr.gov.br\/site\/wp-json\/wp\/v2\/media?parent=2851"}],"wp:term":[{"taxonomy":"category","embeddable":true,"href":"http:\/\/www.apucarana.pr.gov.br\/site\/wp-json\/wp\/v2\/categories?post=2851"},{"taxonomy":"post_tag","embeddable":true,"href":"http:\/\/www.apucarana.pr.gov.br\/site\/wp-json\/wp\/v2\/tags?post=2851"}],"curies":[{"name":"wp","href":"https:\/\/api.w.org\/{rel}","templated":true}]}}