{"id":2850,"date":"2015-05-19T11:21:59","date_gmt":"2015-05-19T11:21:59","guid":{"rendered":"http:\/\/172.16.0.7\/site-antigo\/?p=2850"},"modified":"2024-10-08T09:10:55","modified_gmt":"2024-10-08T12:10:55","slug":"definidas-metas-do-plano-municipal-de-educacao","status":"publish","type":"post","link":"http:\/\/www.apucarana.pr.gov.br\/site\/definidas-metas-do-plano-municipal-de-educacao\/","title":{"rendered":"Definidas metas do Plano Municipal de Educa\u00e7\u00e3o"},"content":{"rendered":"<p><p><span style=\"letter-spacing: -0.02em; line-height: 1.45em; background-color: initial;\">O Plano Municipal de Educa\u00e7\u00e3o (PME) de Apucarana foi discutido e aprovado em confer\u00eancia realizada no fim de semana. O debate final aconteceu na tarde de s\u00e1bado, em plen\u00e1ria no Audit\u00f3rio Gralha Azul (Unespar\/Fecea). O PME ir\u00e1 nortear as pol\u00edticas educacionais at\u00e9 2025 no Munic\u00edpio.<\/span><\/p>\n<p>Cerca de seiscentos professores do ensino b\u00e1sico, m\u00e9dio e superior, de institui\u00e7\u00f5es p\u00fablicas e privadas avaliaram dezenas de propostas e estrat\u00e9gias e, ao final, votaram e elegeram vinte metas que ir\u00e3o compor o plano.J\u00e1 no in\u00edcio de junho o documento segue para aprecia\u00e7\u00e3o na C&acirc;mara de Vereadores, onde ser\u00e1 discutido e votado. Se aprovado no Legislativo, o PME volta para a san\u00e7\u00e3o do Executivo. <\/p>\n<p>O prefeito Beto Preto ressalta a participa\u00e7\u00e3o democr\u00e1tica que originou o planejamento municipal de educa\u00e7\u00e3o. &ldquo;As necessidades locais para melhorar a oferta da Educa\u00e7\u00e3o em Apucarana nos tr\u00eas n\u00edveis, desde a alfabetiza\u00e7\u00e3o at\u00e9 o ensino superior, foram debatidas e da\u00ed surgiram as metas priorit\u00e1rias para investimentos no setor, elaboradas por quem conhece e vivencia o dia a dia nas escolas e salas de aulas&rdquo;, assinala o prefeito.<\/p>\n<p>A diretora-presidente da Autarquia Municipal de Educa\u00e7\u00e3o, professora Marli Fernandes, destaca que pais de alunos, professores e membros da sociedade civil organizada foram ouvidos por meio de question\u00e1rios e puderam sugerir estrat\u00e9gias para o Plano Municipal de Educa\u00e7\u00e3o.<\/p>\n<p><b style=\"letter-spacing: -0.02em; line-height: 1.45em; background-color: initial;\">Confira algumas estrat\u00e9gias aprovadas<\/b><\/p>\n<p>&middot;Oferecer os cinco primeiros anos do ensino fundamental a todas as crian\u00e7as a partir de seis anos de idade e garantir que pelo menos 95% concluam esta etapa de ensino at\u00e9 os dez anos de idade.<\/p>\n<p>&middot;Garantir que, at\u00e9 o final do terceiro ano do ensino fundamental, todas as crian\u00e7as estejam alfabetizadas.<\/p>\n<p>&middot;Continuar a oferecer o m\u00ednimo de 75% das escolas municipais, nos cinco primeiros anos do ensino fundamental, em per\u00edodo integral.<\/p>\n<p>&middot;Fomentar a qualidade da educa\u00e7\u00e3o infantil, em especial aos alunos de quatro e cinco anos e melhorar o fluxo escolar e da aprendizagem dos cinco primeiros anos do ensino fundamental, de modo a atingir as seguintes m\u00e9dias do Ideb do Munic\u00edpio: Ano 2015 &ndash; 5,8; Ano 2017 &ndash; 6,0; Ano 2019 &ndash; 6,3; Ano 2021 &ndash; 6,7 e Ano 2023 &ndash; 7,0.<\/p>\n<p>&middot;Elevar a escolaridade m\u00e9dia da popula\u00e7\u00e3o de 18 a 29 anos, atendendo toda a popula\u00e7\u00e3o do campo, os de menor n\u00edvel de escolaridade e igualar a escolaridade m\u00e9dia entre negros e n\u00e3o negros alfabetizados.<\/p>\n<p>&middot;Incluir no plano de carreira do magist\u00e9rio a promo\u00e7\u00e3o por titula\u00e7\u00e3o aos que conclu\u00edrem o curso de Mestrado e Doutorado em educa\u00e7\u00e3o.<\/p>\n<p><b style=\"letter-spacing: -0.02em; line-height: 1.45em; background-color: initial;\">Investimentos na educa\u00e7\u00e3o<\/b><\/p>\n<p>Durante a confer\u00eancia, o prefeito Beto Preto fez um breve relato das a\u00e7\u00f5es desenvolvidas no setor. &ldquo;S\u00e3o evidentes as obras e conquistas in\u00e9ditas. Estamos investindo cerca de R$ 10 milh\u00f5es na constru\u00e7\u00e3o de novas escolas e creches, al\u00e9m de reformas e amplia\u00e7\u00f5es em diversas unidades; compramos mobili\u00e1rios e equipamentos eletroeletr&ocirc;nicos como televisores para salas de aula, tel\u00f5es, data-show e aparelhos de som, al\u00e9m de renovar toda a linha branca das cozinhas, com fog\u00f5es industriais, m\u00e1quinas de lavar, geladeiras e freezers&rdquo;, relatou.<\/p>\n<p>Ele destacou ainda que a merenda escolar de Apucarana foi selecionada em pr\u00eamio nacional do FNDE; e que os CMEIs, pela primeira vez, t\u00eam material pedag\u00f3gico padronizado e de qualidade reconhecida (Editoria Saraiva). &ldquo;Nossa frota do transporte escolar recebeu 23 ve\u00edculos zero quil&ocirc;metro; nossos alunos t\u00eam uniformes e materiais escolares gratuitos; e pelo trabalho dos educadores Apucarana obteve a segunda melhor m\u00e9dia no Paran\u00e1, no IDEB (&Iacute;ndice de Desenvolvimento do Ensino B\u00e1sico)&rdquo;, informou o prefeito.<\/p>\n<p><\/p>\n","protected":false},"excerpt":{"rendered":"<p>Oferta do ensino fundamental a 100% das crian&ccedil;as a partir dos 6 anos de idade &eacute; uma das prioridades<\/p>\n","protected":false},"author":4,"featured_media":0,"comment_status":"closed","ping_status":"closed","sticky":false,"template":"","format":"standard","meta":{"footnotes":""},"categories":[24],"tags":[],"class_list":["post-2850","post","type-post","status-publish","format-standard","hentry","category-noticias"],"acf":[],"_links":{"self":[{"href":"http:\/\/www.apucarana.pr.gov.br\/site\/wp-json\/wp\/v2\/posts\/2850","targetHints":{"allow":["GET"]}}],"collection":[{"href":"http:\/\/www.apucarana.pr.gov.br\/site\/wp-json\/wp\/v2\/posts"}],"about":[{"href":"http:\/\/www.apucarana.pr.gov.br\/site\/wp-json\/wp\/v2\/types\/post"}],"author":[{"embeddable":true,"href":"http:\/\/www.apucarana.pr.gov.br\/site\/wp-json\/wp\/v2\/users\/4"}],"replies":[{"embeddable":true,"href":"http:\/\/www.apucarana.pr.gov.br\/site\/wp-json\/wp\/v2\/comments?post=2850"}],"version-history":[{"count":1,"href":"http:\/\/www.apucarana.pr.gov.br\/site\/wp-json\/wp\/v2\/posts\/2850\/revisions"}],"predecessor-version":[{"id":104029,"href":"http:\/\/www.apucarana.pr.gov.br\/site\/wp-json\/wp\/v2\/posts\/2850\/revisions\/104029"}],"wp:attachment":[{"href":"http:\/\/www.apucarana.pr.gov.br\/site\/wp-json\/wp\/v2\/media?parent=2850"}],"wp:term":[{"taxonomy":"category","embeddable":true,"href":"http:\/\/www.apucarana.pr.gov.br\/site\/wp-json\/wp\/v2\/categories?post=2850"},{"taxonomy":"post_tag","embeddable":true,"href":"http:\/\/www.apucarana.pr.gov.br\/site\/wp-json\/wp\/v2\/tags?post=2850"}],"curies":[{"name":"wp","href":"https:\/\/api.w.org\/{rel}","templated":true}]}}