{"id":2849,"date":"2015-05-18T18:42:00","date_gmt":"2015-05-18T18:42:00","guid":{"rendered":"http:\/\/172.16.0.7\/site-antigo\/?p=2849"},"modified":"2024-10-08T09:10:55","modified_gmt":"2024-10-08T12:10:55","slug":"apucarana-inicia-semana-de-combate-a-violencia-infantil","status":"publish","type":"post","link":"http:\/\/www.apucarana.pr.gov.br\/site\/apucarana-inicia-semana-de-combate-a-violencia-infantil\/","title":{"rendered":"Apucarana inicia Semana de Combate \u00e0 Viol\u00eancia Infantil"},"content":{"rendered":"<\/p>\n<p><span style=\"letter-spacing: -0.02em; line-height: 1.45em; background-color: initial;\">Com uma programa\u00e7\u00e3o envolvendo confer\u00eancia, palestra, entrega de cinco brinquedotecas e rua de recreio, foi lan\u00e7ada oficialmente hoje (18), no Sal\u00e3o Nobre da prefeitura a Semana Nacional de Combate \u00e0 Explora\u00e7\u00e3o e Viol\u00eancia Sexual contra Crian\u00e7a de Apucarana. Na solenidade, com a presen\u00e7a autoridades municipais, o<\/span><span style=\"letter-spacing: -0.02em; line-height: 1.45em; background-color: initial;\"> presidente do Municipal dos Direitos da Crian\u00e7a e do Adolescente de Apucarana (CMDCA), Caio Augusto Salinet, destacou a import&acirc;ncia do conselho em participar de parcerias para debater o tema e combater os casos de viol\u00eancia infantil. &ldquo;&Eacute; o que estamos fazendo aqui. Vamos dar um basta a esse absurdo&rdquo;, conclamou.<\/span><\/p>\n<p>A secret\u00e1ria da Assist\u00eancia Social, M\u00e1rcia Regina de Sousa, disse que a fam\u00edlia deve estar atenda aos sinais que a crian\u00e7a manifesta quando \u00e9 v\u00edtima de viol\u00eancia infantil. &ldquo;Os sinais s\u00e3o muitos. Um dos mais evidentes \u00e9 a sua repentina mudan\u00e7a de comportamento, se tornando mais agressiva e introvertida. Fiquem atentos e denunciem&rdquo;, defendeu M\u00e1rcia. <\/p>\n<p>A abertura da semana coincidiu com a data, 18 de maio, em que \u00e9 comemorado o Dia Nacional de Combate ao Abuso e \u00e0 Explora\u00e7\u00e3o Sexual de Crian\u00e7as e Adolescentes. A solenidade teve a participa\u00e7\u00e3o especial dos alunos destaques do Sarau de Poesias da rede municipal de educa\u00e7\u00e3o. Vin\u00edcius Teixeira Antunes, da Escola Municipal Presidente M\u00e9dici, declamou a poesia &ldquo;O Pato&rdquo;, de Vin\u00edcius de Moraes; &Aacute;gatha Lana Pereira de Souza Oliveira, da Escola Municipal Fernando Jos\u00e9 Acosta, o texto &ldquo;Leil\u00e3o de Jardim&rdquo; de Cec\u00edlia Meireles; e Yuri Jacson Inoc\u00eancio, da Escola Municipal Humberto de Alencar Castelo Branco, o poema &ldquo;Quando eu era pequenino&rdquo; de S\u00e9rgio Capparelli.<\/p>\n<p>A Semana de Combate a Viol\u00eancia Infantil, promovido pela Secretaria Municipal de Assist\u00eancia Social em parceria com o Conselho Municipal dos Direitos da Crian\u00e7a e do Adolescente de Apucarana (CMCDCA), tem programa\u00e7\u00e3o at\u00e9 o pr\u00f3ximo s\u00e1bado. Na quarta-feira (20), a Secretaria da Assist\u00eancia Social far\u00e1 a entrega de cinco brinquedotecas. Uma para cada um dos quatro Centros de Refer\u00eancia da Assist\u00eancia Social (CRAS) e uma para o Centro de Refer\u00eancia Especializada da Assist\u00eancia Social (CREAS. No dia seguinte, quinta-feira (21), a partir das 14 horas, no Polo da Universidade Aberta do Brasil (UAB), a delegada adjunta da 17\u00aa Sub-divis\u00e3o Policial, Iani Cardoso do Nascimento, profere palestra sobre o tema &ldquo;Realidade Infantil &ndash; Desafios e Perceptivas frente ao crime de Abuso Sexual.<\/p>\n<p>J\u00e1 na sexta-feira (22), das 8 \u00e0s 17 horas, acontece a 9\u00aa Confer\u00eancia Municipal dos Direitos da Crian\u00e7a e Adolescente, com o tema &ldquo;Pol\u00edtica e Plano Decenal dos Direitos Humanos de Crian\u00e7as e Adolescentes &ndash; fortalecendo os Conselhos dos Direitos da Crian\u00e7a e do Adolescente&rdquo;. A confer\u00eancia ter\u00e1 como palestrante o desembargador do Tribunal de Justi\u00e7a do Estado de S\u00e3o Paulo, Ant&ocirc;nio Carlos Malheiros, e acontece no sal\u00e3o de eventos Espa\u00e7o e Festa, na Rua Clot\u00e1rio Portugal, 149, Barra Funda. <\/p>\n<p>Mestre em Direito pela Pontif\u00edcia Universidade Cat\u00f3lica de S\u00e3o Paulo, Malheiros \u00e9 atualmente professor titular da Pontif\u00edcia Universidade Cat\u00f3lica de S\u00e3o Paulo, da Faculdade de Direito Padre Anchieta, das Faculdades Integradas Rio Branco e conferencista da pol\u00edcia militar do estado de S\u00e3o Paulo, OAB\/SP, COGEAE-PUC-SP. &Eacute; coordenador da Inf&acirc;ncia e Juventude do Tribunal de Justi\u00e7a do Estado de S\u00e3o Paulo, presidente por dois mandatos da comiss\u00e3o de Justi\u00e7a e Paz de S\u00e3o Paulo, coordenador nacional de campanha do Conselho Nacional de Justi\u00e7a. Tamb\u00e9m \u00e9 conhecido como o desembargador Tot\u00f3, que mesmo com a agenda apertada \u00e9 volunt\u00e1rio como contador de hist\u00f3ria e treina leitores para crian\u00e7as de 87 hospitais no pa\u00eds atrav\u00e9s da Associa\u00e7\u00e3o Viva e Deixe Viver. A inscri\u00e7\u00e3o para a confer\u00eancia pode ser feita atrav\u00e9s do site <a href=\"http:\/\/www.cmdcaapucarana.info\/\">www.cmdcaapucarana.info<\/a>.<\/p>\n<p>Para marcar o encerramento da semana, no s\u00e1bado (23), das 13 \u00e0s 16h30, na Avenida Avia\u00e7\u00e3o, uma quadra ap\u00f3s o canteiro de obra da Escola Municipal Fernando Jos\u00e9 Acosta, ser\u00e1 promovido o evento &ldquo;Rua de Recreio. Os eventos de 21 e 22 de maio ser\u00e3o certificados. Mais informa\u00e7\u00f5es no CREAS &ndash; Centro de Refer\u00eancia Especializada da Assist\u00eancia Social pelo telefone 3422-9357 ou no site <a href=\"http:\/\/www.cmdcaapucarana.info\/\">www.cmdcaapucarana.info<\/a>.<\/p>\n<p><\/p>\n","protected":false},"excerpt":{"rendered":"<p>Programa&ccedil;&atilde;o envolve palestra, confer&ecirc;ncia, entrega de brinquedoteca e rua de recreio<\/p>\n","protected":false},"author":4,"featured_media":0,"comment_status":"closed","ping_status":"closed","sticky":false,"template":"","format":"standard","meta":{"footnotes":""},"categories":[24],"tags":[],"class_list":["post-2849","post","type-post","status-publish","format-standard","hentry","category-noticias"],"acf":[],"_links":{"self":[{"href":"http:\/\/www.apucarana.pr.gov.br\/site\/wp-json\/wp\/v2\/posts\/2849","targetHints":{"allow":["GET"]}}],"collection":[{"href":"http:\/\/www.apucarana.pr.gov.br\/site\/wp-json\/wp\/v2\/posts"}],"about":[{"href":"http:\/\/www.apucarana.pr.gov.br\/site\/wp-json\/wp\/v2\/types\/post"}],"author":[{"embeddable":true,"href":"http:\/\/www.apucarana.pr.gov.br\/site\/wp-json\/wp\/v2\/users\/4"}],"replies":[{"embeddable":true,"href":"http:\/\/www.apucarana.pr.gov.br\/site\/wp-json\/wp\/v2\/comments?post=2849"}],"version-history":[{"count":1,"href":"http:\/\/www.apucarana.pr.gov.br\/site\/wp-json\/wp\/v2\/posts\/2849\/revisions"}],"predecessor-version":[{"id":104030,"href":"http:\/\/www.apucarana.pr.gov.br\/site\/wp-json\/wp\/v2\/posts\/2849\/revisions\/104030"}],"wp:attachment":[{"href":"http:\/\/www.apucarana.pr.gov.br\/site\/wp-json\/wp\/v2\/media?parent=2849"}],"wp:term":[{"taxonomy":"category","embeddable":true,"href":"http:\/\/www.apucarana.pr.gov.br\/site\/wp-json\/wp\/v2\/categories?post=2849"},{"taxonomy":"post_tag","embeddable":true,"href":"http:\/\/www.apucarana.pr.gov.br\/site\/wp-json\/wp\/v2\/tags?post=2849"}],"curies":[{"name":"wp","href":"https:\/\/api.w.org\/{rel}","templated":true}]}}