{"id":2848,"date":"2015-05-18T12:38:59","date_gmt":"2015-05-18T12:38:59","guid":{"rendered":"http:\/\/172.16.0.7\/site-antigo\/?p=2848"},"modified":"2024-10-08T09:10:55","modified_gmt":"2024-10-08T12:10:55","slug":"volta-de-mountain-bike-abre-programacao-da-semana-da-industria","status":"publish","type":"post","link":"http:\/\/www.apucarana.pr.gov.br\/site\/volta-de-mountain-bike-abre-programacao-da-semana-da-industria\/","title":{"rendered":"Volta de mountain bike abre programa\u00e7\u00e3o da Semana da Ind\u00fastria"},"content":{"rendered":"<p><span style=\"letter-spacing: -0.02em; line-height: 1.45em; background-color: initial;\">Com um percurso de 35 quil&ocirc;metros, foi realizada no domingo (17\/05) a 1\u00aa Volta Milton Lampe de Mountain Bike. O desafio esportivo, que abriu a programa\u00e7\u00e3o da Semana da Ind\u00fastria, foi uma promo\u00e7\u00e3o da unidade do Sistema Fiep de Apucarana (Sesi\/Senai\/IEL) e reuniu 120 ciclistas, oriundos de v\u00e1rias cidades da regi\u00e3o, de Curitiba e de Presidente Prudente (SP). O melhor tempo da volta foi percorrido em uma hora e 45 minutos, enquanto a dura\u00e7\u00e3o total (at\u00e9 a chegada de todos os ciclistas) foi de 4 horas.<\/span><span style=\"letter-spacing: -0.02em; line-height: 1.45em; background-color: initial;\"><\/span><\/p>\n<p>O evento foi organizado pelo Sesi Apucarana e Clube Aventura, tendo ainda o apoio da Prefeitura de Apucarana (Secretaria Municipal de Esportes e Lazer), Sindimetal, Sivale, Samisca, Sindiccon, Sindit\u00eaxtil<i>,<\/i>VMM Ag\u00eancia deViagens, Vizan, Atacad\u00e3o 02 Rodas e Minicooper. Estiveram presentes Paulo Aparecido Kisner, secret\u00e1rio de Esportes e Lazer, que representou o prefeito de Apucarana, Beto Preto, Nelson Arnaldo Kowalski, diretor da FIEP, M\u00e1rcia Aparecida Kulka, gerente da unidade do Sistema Fiep de Apucarana, Luciana Krauss Ferreira Martins, executiva da coordenadoria regional da FIEP, Luis Ferreira Martins, representando o Sindiccon e o ex-prefeito de Apucarana, Voldimir Mir\u00e3o Maistrovicz. <\/p>\n<p>De acordo com Fausto Ganem Rodrigues, Gestor do Setor de Vida Saud\u00e1vel da unidade do Sesi local, a volta teve a participa\u00e7\u00e3o de ciclistas de Apucarana,Londrina, Rio Bom, Maring\u00e1, Arapongas, Camb\u00e9, Ibipor\u00e3, Rol&acirc;ndia, Curitiba e Presidente Prudente (SP). A sa\u00edda do percurso aconteceu no Sesi, passando pelo Parque Ecol\u00f3gico da Raposa, Rio do Cerne, 100 alqueires e Conjunto Habitacional Ja\u00e7an\u00e3. &ldquo;A chegada tamb\u00e9m foi no Sesi, percurso que possibilitou aos participantes um desafio esportivo, al\u00e9m da oportunidade de apreciar belas paisagens&rdquo;, conta Fausto.<\/p>\n<p>O vice-prefeito de Apucarana, que tamb\u00e9m \u00e9 vice-presidente do Sistema Fiep para a regi\u00e3o Norte do Paran\u00e1, Sebasti\u00e3o Ferreira Martins Junior (Junior da Femac), parabenizou os participantes e destaca que a volta deve ter novas edi\u00e7\u00f5es nos pr\u00f3ximos anos, sendo uma homenagem a Milton Geraldo Lampe.<b> &ldquo;<\/b>Ele foi um grandeempres\u00e1rio do setor metal\u00fargico de Apucarana, integrou as diretorias da FIEP e do Sindimetal, entre outras entidades. Foi tamb\u00e9m presidente da Acia e coordenador da FIEP em Apucarana na d\u00e9cada de 90. O Sindimetal sugeriu essa homenagem, que foi recebida e acatada por unanimidade, sendo justa e merecida&rdquo;, frisa Junior da Femac.<\/p>\n<\/p>\n<p><\/p>\n","protected":false},"excerpt":{"rendered":"<p>Evento reuniu 120 ciclistas, oriundos de v&aacute;rias cidades da regi&atilde;o, de Curitiba e de Presidente Prudente (SP)<\/p>\n","protected":false},"author":4,"featured_media":0,"comment_status":"closed","ping_status":"closed","sticky":false,"template":"","format":"standard","meta":{"footnotes":""},"categories":[24],"tags":[],"class_list":["post-2848","post","type-post","status-publish","format-standard","hentry","category-noticias"],"acf":[],"_links":{"self":[{"href":"http:\/\/www.apucarana.pr.gov.br\/site\/wp-json\/wp\/v2\/posts\/2848","targetHints":{"allow":["GET"]}}],"collection":[{"href":"http:\/\/www.apucarana.pr.gov.br\/site\/wp-json\/wp\/v2\/posts"}],"about":[{"href":"http:\/\/www.apucarana.pr.gov.br\/site\/wp-json\/wp\/v2\/types\/post"}],"author":[{"embeddable":true,"href":"http:\/\/www.apucarana.pr.gov.br\/site\/wp-json\/wp\/v2\/users\/4"}],"replies":[{"embeddable":true,"href":"http:\/\/www.apucarana.pr.gov.br\/site\/wp-json\/wp\/v2\/comments?post=2848"}],"version-history":[{"count":1,"href":"http:\/\/www.apucarana.pr.gov.br\/site\/wp-json\/wp\/v2\/posts\/2848\/revisions"}],"predecessor-version":[{"id":104031,"href":"http:\/\/www.apucarana.pr.gov.br\/site\/wp-json\/wp\/v2\/posts\/2848\/revisions\/104031"}],"wp:attachment":[{"href":"http:\/\/www.apucarana.pr.gov.br\/site\/wp-json\/wp\/v2\/media?parent=2848"}],"wp:term":[{"taxonomy":"category","embeddable":true,"href":"http:\/\/www.apucarana.pr.gov.br\/site\/wp-json\/wp\/v2\/categories?post=2848"},{"taxonomy":"post_tag","embeddable":true,"href":"http:\/\/www.apucarana.pr.gov.br\/site\/wp-json\/wp\/v2\/tags?post=2848"}],"curies":[{"name":"wp","href":"https:\/\/api.w.org\/{rel}","templated":true}]}}