{"id":2847,"date":"2015-05-16T12:22:00","date_gmt":"2015-05-16T12:22:00","guid":{"rendered":"http:\/\/172.16.0.7\/site-antigo\/?p=2847"},"modified":"2024-10-08T09:10:55","modified_gmt":"2024-10-08T12:10:55","slug":"plano-de-educacao-e-discutido-em-conferencia","status":"publish","type":"post","link":"http:\/\/www.apucarana.pr.gov.br\/site\/plano-de-educacao-e-discutido-em-conferencia\/","title":{"rendered":"Plano de Educa\u00e7\u00e3o \u00e9 discutido em confer\u00eancia"},"content":{"rendered":"<\/p>\n<p>O Plano Municipal de Educa\u00e7\u00e3o (PME) apucaranense est\u00e1 em fase de conclus\u00e3o. E, neste final de semana, a prefeitura da cidade promoveu confer\u00eancia para o \u00faltimo debate e aprova\u00e7\u00e3o em assembleia do documento, que nortear\u00e1 as pol\u00edticas educacionais locais pelos pr\u00f3ximos dez anos. A abertura da Confer\u00eancia Municipal de Educa\u00e7\u00e3o aconteceu na noite de ontem (15), no Cine Teatro F\u00eanix, com palestra ministrada pela coordenadora geral do F\u00f3rum Estadual de Educa\u00e7\u00e3o do Paran\u00e1 e diretora do setor de educa\u00e7\u00e3o da Universidade Federal do Paran\u00e1 (UFPR), professora-doutora Andr\u00e9a Caldas.<\/p>\n<p><b><a href=\"http:\/\/apucarana.pr.gov.br\/radioapucarana\/?p=80\" target=\"_blank\" rel=\"noopener\">Click e ou\u00e7a o \u00e1udio desta mat\u00e9ria<\/a><\/b><\/p>\n<p>Na ocasi\u00e3o, ela fez uma reflex\u00e3o sobre a articula\u00e7\u00e3o entre os planos municipal e nacional de educa\u00e7\u00e3o. &#8220;O governo federal pretende com esses projetos criar um Sistema Nacional de Educa\u00e7\u00e3o, ou seja, estabelecer metas e par&acirc;metros de ensino a serem cumpridos em todas as inst&acirc;ncias federativas. O PME pode prever objetivos mais ousados que o planejamento nacional, mas n\u00e3o pode fazer menos que o estipulado para o pa\u00eds&#8221;, explicou ela.<\/p>\n<p>Ao discursar no evento o Doutor Marcos Dorig\u00e3o, defendeu que se fa\u00e7a o melhor pela educa\u00e7\u00e3o de Apucarana e que o planejamento definido, seja efetivamente cumprido pelo atual e pelos pr\u00f3ximos gestores p\u00fablicos. &ldquo;Estamos vivenciando um momento hist\u00f3rico. Pela primeira vez est\u00e1 acontecendo uma confer\u00eancia municipal de educa\u00e7\u00e3o de verdade e participativa&rdquo;, destacou o vice-prefeito Junior da Femac. Tamb\u00e9m participaram do evento a vereadora Aurita Bertoli (representando a C&acirc;mara) e a professora Santa Eleni (representando o N\u00facleo Regional de Educa\u00e7\u00e3o).<\/p>\n<p>OFICINAS TEM&Aacute;TICAS &#8211; Hoje (16), no segundo dia do evento, os mais de 600 inscritos na confer\u00eancia ainda debateram mais uma vez as 20 metas do documento em 13 oficinas tem\u00e1ticas organizadas, no per\u00edodo matutino, na Universidade Estadual do Paran\u00e1 (UNESPAR\/FECEA). No turno da tarde, ser\u00e3o votadas em plen\u00e1ria todas as propostas eleitas nas oficinas.<\/p>\n<p>A diretora-presidente da Autarquia Municipal de Educa\u00e7\u00e3o, professora Marli Fernandes, destaca que a constru\u00e7\u00e3o do PME teve in\u00edcio no ano passado. &#8220;As reuni\u00f5es entre os setores envolvidos come\u00e7aram em setembro, visando elaborar um diagn\u00f3stico preciso da educa\u00e7\u00e3o apucaranense e verificar os principais desafios a serem enfrentados na pr\u00f3xima d\u00e9cada. Desde ent\u00e3o, pais de alunos, professores e membros da sociedade civil organizada foram ouvidos por meio de question\u00e1rios e puderam sugerir estrat\u00e9gias para o Plano Municipal de Educa\u00e7\u00e3o. Uma grande pr\u00e9-confer\u00eancia tamb\u00e9m foi realizada, recentemente, na ACEA, para a apresenta\u00e7\u00e3o das metas \u00e0 comunidade&#8221;, detalhou.<\/p>\n<p>Andr\u00e9a Caldas elogiou a metodologia adotada pela administra\u00e7\u00e3o municipal para a constru\u00e7\u00e3o do PME. &#8220;Apucarana \u00e9 um bom exemplo de como os governos devem realizar o processo de di\u00e1logo e de elabora\u00e7\u00e3o das pol\u00edticas educacionais. N\u00f3s temos aqui uma confer\u00eancia bastante representativa, com debate entre os segmentos e os com a participa\u00e7\u00e3o ativa dos cidad\u00e3os. &Eacute; de suma import&acirc;ncia que outras cidades se inspirem nesta experi\u00eancia&#8221;, disse.<\/p>\n<p>O prefeito Beto Preto avaliou que professores, pais de alunos e representantes de segmentos organizados da sociedade nem sempre encontraram esse tipo de abertura para a discuss\u00e3o das diretrizes educacionais em Apucarana. &#8220;Essa cultura de participa\u00e7\u00e3o em conselhos e f\u00f3runs n\u00e3o existia at\u00e9 pouco tempo, mas n\u00f3s procuramos reverter essa pr\u00e1tica atrav\u00e9s da participa\u00e7\u00e3o efetiva de toda a sociedade, dando voz e vez para opinarem na cria\u00e7\u00e3o do Plano Municipal de Educa\u00e7\u00e3o&#8221;, assinalou.<\/p>\n<p>(((BOX )))<\/p>\n<p><u>Entenda os objetivos do Plano Municipal de Educa\u00e7\u00e3o<\/u><\/p>\n<p>O PME \u00e9 um planejamento para o ensino da cidade, constru\u00eddo democraticamente com a participa\u00e7\u00e3o tanto do governo como da sociedade civil, e que deve conter metas e estrat\u00e9gias a serem implementadas at\u00e9 o ano de 2025.<\/p>\n<p>O documento engloba todo o sistema educacional apucaranense (redes municipal e estadual e institui\u00e7\u00f5es privadas de ensino) e direciona-se aos campos da educa\u00e7\u00e3o infantil, do ensino fundamental, ensino m\u00e9dio, educa\u00e7\u00e3o de jovens e adultos, educa\u00e7\u00e3o especial, educa\u00e7\u00e3o do campo, educa\u00e7\u00e3o profissionalizante e ensino superior.<\/p>\n<p>A elabora\u00e7\u00e3o do documento \u00e9 uma exig\u00eancia do governo federal que, por meio da Lei n&deg; 13.005\/2014, determina que os estados e munic\u00edpios ajustem os seus projetos ao Plano Nacional de Educa\u00e7\u00e3o. <\/p>\n<p>(((BOX 2)))<\/p>\n<p><u>Prefeito destaca obras e conquistas<\/u><\/p>\n<p>O prefeito Beto Preto fez quest\u00e3o de fazer um breve relato das a\u00e7\u00f5es colocadas em pr\u00e1tica na educa\u00e7\u00e3o de Apucarana. &ldquo;S\u00e3o evidentes as obras e conquistas in\u00e9ditas no setor. Estamos investindo mais de R$ 5 milh\u00f5es na constru\u00e7\u00e3o de novas escolas e creches, al\u00e9m de reformas e amplia\u00e7\u00f5es em diversas unidades; compramos mobili\u00e1rios e equipamentos eletroeletr&ocirc;nicos como televisores para salas de aula, tel\u00f5es, data-show e aparelhos de som, al\u00e9m de renovar toda a linha branca das cozinhas, com fog\u00f5es industriais, m\u00e1quinas de lavar, geladeiras e freezers&rdquo;, relatou Beto Preto.<\/p>\n<p>Ele destacou ainda que a merenda escolar de Apucarana foi selecionada em pr\u00eamio nacional do FNDE; e que os CMEIs, pela primeira vez, t\u00eam material pedag\u00f3gico padronizado e de qualidade reconhecida (Editoria Saraiva). &ldquo;Nossa frota do transporte escolar recebeu 23 ve\u00edculos zero quil&ocirc;metro; nossos alunos t\u00eam uniformes e materiais escolares gratuitos; e pelo trabalho dos educadores Apucarana obteve a segunda melhor m\u00e9dia no Paran\u00e1, no IDEB (&Iacute;ndice de Desenvolvimento do Ensino B\u00e1sico)&rdquo;, informou o prefeito, acrescentando que em breve, as escolas municipais v\u00e3o receber c&acirc;meras de monitoramento de seguran\u00e7a e ar condicionado.<\/p>\n<p><\/p>\n","protected":false},"excerpt":{"rendered":"<p>Educadores, pais de alunos e representantes de segmentos organizados da sociedade participam da discuss&atilde;o<\/p>\n","protected":false},"author":4,"featured_media":0,"comment_status":"closed","ping_status":"closed","sticky":false,"template":"","format":"standard","meta":{"footnotes":""},"categories":[24],"tags":[],"class_list":["post-2847","post","type-post","status-publish","format-standard","hentry","category-noticias"],"acf":[],"_links":{"self":[{"href":"http:\/\/www.apucarana.pr.gov.br\/site\/wp-json\/wp\/v2\/posts\/2847","targetHints":{"allow":["GET"]}}],"collection":[{"href":"http:\/\/www.apucarana.pr.gov.br\/site\/wp-json\/wp\/v2\/posts"}],"about":[{"href":"http:\/\/www.apucarana.pr.gov.br\/site\/wp-json\/wp\/v2\/types\/post"}],"author":[{"embeddable":true,"href":"http:\/\/www.apucarana.pr.gov.br\/site\/wp-json\/wp\/v2\/users\/4"}],"replies":[{"embeddable":true,"href":"http:\/\/www.apucarana.pr.gov.br\/site\/wp-json\/wp\/v2\/comments?post=2847"}],"version-history":[{"count":1,"href":"http:\/\/www.apucarana.pr.gov.br\/site\/wp-json\/wp\/v2\/posts\/2847\/revisions"}],"predecessor-version":[{"id":104032,"href":"http:\/\/www.apucarana.pr.gov.br\/site\/wp-json\/wp\/v2\/posts\/2847\/revisions\/104032"}],"wp:attachment":[{"href":"http:\/\/www.apucarana.pr.gov.br\/site\/wp-json\/wp\/v2\/media?parent=2847"}],"wp:term":[{"taxonomy":"category","embeddable":true,"href":"http:\/\/www.apucarana.pr.gov.br\/site\/wp-json\/wp\/v2\/categories?post=2847"},{"taxonomy":"post_tag","embeddable":true,"href":"http:\/\/www.apucarana.pr.gov.br\/site\/wp-json\/wp\/v2\/tags?post=2847"}],"curies":[{"name":"wp","href":"https:\/\/api.w.org\/{rel}","templated":true}]}}