{"id":28394,"date":"2019-12-04T21:05:39","date_gmt":"2019-12-04T23:05:39","guid":{"rendered":"http:\/\/172.16.0.7\/site-antigo\/?p=28394"},"modified":"2024-10-08T09:19:36","modified_gmt":"2024-10-08T12:19:36","slug":"prefeito-decreta-luto-oficial-pela-morte-de-mario-ross","status":"publish","type":"post","link":"http:\/\/www.apucarana.pr.gov.br\/site\/prefeito-decreta-luto-oficial-pela-morte-de-mario-ross\/","title":{"rendered":"Prefeito decreta luto oficial pela morte de M\u00e1rio Ross"},"content":{"rendered":"<p>O prefeito de Apucarana, Junior da Femac, decretou nesta quarta-feira, (4) luto oficial no munic\u00edpio por tr\u00eas dias, em respeito ao falecimento do Sr. M\u00e1rio Ross, aos 94 anos. O pioneiro foi vereador, na legislatura de 1959\/1963, chegando a ocupar a presid\u00eancia da C\u00e2mara e at\u00e9 o cargo de prefeito \u2013 interinamente \u2013 durante o mandato do prefeito Marino Pereira.<br \/>\n\u201cM\u00e1rio Ross construiu uma bel\u00edssima hist\u00f3ria em Apucarana, tendo a sua trajet\u00f3ria marcada engajamento volunt\u00e1rio nas causas sociais, em favor dos mais humildes\u201d, lembrou Junior da Femac, ressaltando ainda que Ross, tamb\u00e9m teve participa\u00e7\u00e3o ativa na Igreja Cat\u00f3lica, tendo inclusive trabalhado na constru\u00e7\u00e3o da Catedral Nossa Senhora de Lourdes, e dos pr\u00e9dios da prefeitura e da c\u00e2mara.<br \/>\nAo justificar o decreto de luto oficial em Apucarana, o prefeito acrescentou ainda que M\u00e1rio Ross presidiu o Lar S\u00e3o Vicente de Paulo; foi presidente do Conselho Municipal do Idoso; presidente do Conselho Municipal de Assist\u00eancia Social, e recebeu do Legislativo Municipal o Diploma de M\u00e9ritos em Tarefas Comunit\u00e1rias.<br \/>\n\u201cManifestamos publicamente, em nome de todos os apucaranenses, nosso respeito ao Sr. M\u00e1rio Ross e nosso profundo pesar pela perda deste valoroso pioneiro do Munic\u00edpio. Que familiares e amigos sejam confortados por Deus, neste momento de muita tristeza\u201d, comentou o prefeito Junior da Femac.<br \/>\nO corpo de M\u00e1rio Ross ser\u00e1 velado no plen\u00e1rio da C\u00e2mara Municipal de Apucarana, a partir da noite de hoje (4). O sepultamento\u00a0ser\u00e1 \u00e0s 16 horas no Cemit\u00e9rio Cristo Rei.<\/p>\n","protected":false},"excerpt":{"rendered":"<p>O pioneiro foi vereador, na legislatura de 1959\/1963, chegando a ocupar a presid\u00eancia da C\u00e2mara e at\u00e9 o cargo de prefeito \u2013 interinamente \u2013 durante o mandato do prefeito Marino Pereira (Foto: arquivo pessoal)<\/p>\n","protected":false},"author":4,"featured_media":28395,"comment_status":"closed","ping_status":"open","sticky":false,"template":"","format":"standard","meta":{"footnotes":""},"categories":[24],"tags":[],"class_list":["post-28394","post","type-post","status-publish","format-standard","has-post-thumbnail","hentry","category-noticias"],"acf":[],"_links":{"self":[{"href":"http:\/\/www.apucarana.pr.gov.br\/site\/wp-json\/wp\/v2\/posts\/28394","targetHints":{"allow":["GET"]}}],"collection":[{"href":"http:\/\/www.apucarana.pr.gov.br\/site\/wp-json\/wp\/v2\/posts"}],"about":[{"href":"http:\/\/www.apucarana.pr.gov.br\/site\/wp-json\/wp\/v2\/types\/post"}],"author":[{"embeddable":true,"href":"http:\/\/www.apucarana.pr.gov.br\/site\/wp-json\/wp\/v2\/users\/4"}],"replies":[{"embeddable":true,"href":"http:\/\/www.apucarana.pr.gov.br\/site\/wp-json\/wp\/v2\/comments?post=28394"}],"version-history":[{"count":1,"href":"http:\/\/www.apucarana.pr.gov.br\/site\/wp-json\/wp\/v2\/posts\/28394\/revisions"}],"predecessor-version":[{"id":99931,"href":"http:\/\/www.apucarana.pr.gov.br\/site\/wp-json\/wp\/v2\/posts\/28394\/revisions\/99931"}],"wp:featuredmedia":[{"embeddable":true,"href":"http:\/\/www.apucarana.pr.gov.br\/site\/wp-json\/"}],"wp:attachment":[{"href":"http:\/\/www.apucarana.pr.gov.br\/site\/wp-json\/wp\/v2\/media?parent=28394"}],"wp:term":[{"taxonomy":"category","embeddable":true,"href":"http:\/\/www.apucarana.pr.gov.br\/site\/wp-json\/wp\/v2\/categories?post=28394"},{"taxonomy":"post_tag","embeddable":true,"href":"http:\/\/www.apucarana.pr.gov.br\/site\/wp-json\/wp\/v2\/tags?post=28394"}],"curies":[{"name":"wp","href":"https:\/\/api.w.org\/{rel}","templated":true}]}}