{"id":28379,"date":"2019-12-03T18:04:06","date_gmt":"2019-12-03T20:04:06","guid":{"rendered":"http:\/\/172.16.0.7\/site-antigo\/?p=28379"},"modified":"2024-10-08T09:19:36","modified_gmt":"2024-10-08T12:19:36","slug":"terceira-audiencia-publica-debate-plano-local-de-habitacao","status":"publish","type":"post","link":"http:\/\/www.apucarana.pr.gov.br\/site\/terceira-audiencia-publica-debate-plano-local-de-habitacao\/","title":{"rendered":"Terceira audi\u00eancia p\u00fablica debate Plano Local de Habita\u00e7\u00e3o"},"content":{"rendered":"<p>Foi realizada ontem (2) na C\u00e2mara Municipal de Apucarana, a terceira e \u00faltima audi\u00eancia p\u00fablica dentro do processo de elabora\u00e7\u00e3o do Plano Local de Habita\u00e7\u00e3o de Interesse Social (PLHIS) de Apucarana, iniciado h\u00e1 cinco meses. No evento, que visou colher informa\u00e7\u00f5es da popula\u00e7\u00e3o e debater temas voltados \u00e0 habita\u00e7\u00e3o, tamb\u00e9m foram apresentados dados parciais da pesquisa de campo aplicada com o objetivo de verificar titularidades dos im\u00f3veis, identificando ainda \u00e1reas de risco e zonas especiais de interesse social. Esse \u00faltimo aspecto aponta locais onde futuramente podem ser constru\u00eddas casas populares.<br \/>\nSegundo Sandro Morais de Medeiros o propriet\u00e1rio da Megaquality Consultoria, respons\u00e1vel pela elabora\u00e7\u00e3o PLHIS de Apucarana, ainda neste m\u00eas, em data a ser definida, ser\u00e1 entregue o plano pronto ao prefeito Junior da Femac. \u00a0\u201cO Plano Local de Habita\u00e7\u00e3o \u00e9 um levantamento que visa nortear \u00e1reas de expans\u00e3o para a implanta\u00e7\u00e3o de novos loteamentos habitacionais e apontar caminhos para a regulariza\u00e7\u00e3o fundi\u00e1ria e titularidade de moradias\u201d, explica Sandro Morais de Medeiros.<br \/>\nO PLHIS \u00e9 um componente do Programa Habita\u00e7\u00e3o de Interesse Social e integra as a\u00e7\u00f5es financiadas pelo Fundo Nacional de Habita\u00e7\u00e3o de Interesse Social (FNHIS), do Minist\u00e9rio das Cidades. Para chegar ao diagn\u00f3stico atualizado do setor habitacional, a Megaquality, fez um trabalho de campo em toda a cidade com realiza\u00e7\u00e3o de pesquisas de porta em porta, oficinas e audi\u00eancias p\u00fablicas.<br \/>\n&nbsp;<br \/>\n&nbsp;<\/p>\n","protected":false},"excerpt":{"rendered":"<p>Elabora\u00e7\u00e3o do plano entra na fase final e diagn\u00f3stico habitacional do munic\u00edpio deve ser entregue ainda neste m\u00eas ao prefeito Junior da Femac<\/p>\n","protected":false},"author":4,"featured_media":28380,"comment_status":"closed","ping_status":"open","sticky":false,"template":"","format":"standard","meta":{"footnotes":""},"categories":[24],"tags":[],"class_list":["post-28379","post","type-post","status-publish","format-standard","has-post-thumbnail","hentry","category-noticias"],"acf":[],"_links":{"self":[{"href":"http:\/\/www.apucarana.pr.gov.br\/site\/wp-json\/wp\/v2\/posts\/28379","targetHints":{"allow":["GET"]}}],"collection":[{"href":"http:\/\/www.apucarana.pr.gov.br\/site\/wp-json\/wp\/v2\/posts"}],"about":[{"href":"http:\/\/www.apucarana.pr.gov.br\/site\/wp-json\/wp\/v2\/types\/post"}],"author":[{"embeddable":true,"href":"http:\/\/www.apucarana.pr.gov.br\/site\/wp-json\/wp\/v2\/users\/4"}],"replies":[{"embeddable":true,"href":"http:\/\/www.apucarana.pr.gov.br\/site\/wp-json\/wp\/v2\/comments?post=28379"}],"version-history":[{"count":1,"href":"http:\/\/www.apucarana.pr.gov.br\/site\/wp-json\/wp\/v2\/posts\/28379\/revisions"}],"predecessor-version":[{"id":99933,"href":"http:\/\/www.apucarana.pr.gov.br\/site\/wp-json\/wp\/v2\/posts\/28379\/revisions\/99933"}],"wp:featuredmedia":[{"embeddable":true,"href":"http:\/\/www.apucarana.pr.gov.br\/site\/wp-json\/"}],"wp:attachment":[{"href":"http:\/\/www.apucarana.pr.gov.br\/site\/wp-json\/wp\/v2\/media?parent=28379"}],"wp:term":[{"taxonomy":"category","embeddable":true,"href":"http:\/\/www.apucarana.pr.gov.br\/site\/wp-json\/wp\/v2\/categories?post=28379"},{"taxonomy":"post_tag","embeddable":true,"href":"http:\/\/www.apucarana.pr.gov.br\/site\/wp-json\/wp\/v2\/tags?post=28379"}],"curies":[{"name":"wp","href":"https:\/\/api.w.org\/{rel}","templated":true}]}}