{"id":28356,"date":"2019-12-02T18:27:47","date_gmt":"2019-12-02T20:27:47","guid":{"rendered":"http:\/\/172.16.0.7\/site-antigo\/?p=28356"},"modified":"2024-10-08T09:19:37","modified_gmt":"2024-10-08T12:19:37","slug":"apucarana-desenvolve-projeto-piloto-da-saude-do-idoso","status":"publish","type":"post","link":"http:\/\/www.apucarana.pr.gov.br\/site\/apucarana-desenvolve-projeto-piloto-da-saude-do-idoso\/","title":{"rendered":"Apucarana desenvolve projeto piloto da sa\u00fade do idoso"},"content":{"rendered":"<p>O prefeito Junior da Femac assinou o termo de ades\u00e3o \u00e0 \u201cRede de Aten\u00e7\u00e3o Integral a Sa\u00fade do Idoso\u201d (RAISI), uma parceria proposta pelo Cons\u00f3rcio Intermunicipal de Sa\u00fade do Vale do Ivai e Regi\u00e3o (Cisvir). O documento foi assinado no gabinete municipal durante reuni\u00e3o com a presen\u00e7a de representantes do cons\u00f3rcio, do diretor presidente da Autarquia Municipal de Sa\u00fade, Roberto Kaneta; do secret\u00e1rio de Gest\u00e3o P\u00fablica, Nicolai Cernescu; da secret\u00e1ria de Assist\u00eancia Social, Ana Paula Nazarko; e do secret\u00e1rio de Obras, Herivelto Moreno<br \/>\nO objetivo da RAISI\u00a0\u00e9 organizar e preparar o sistema de\u00a0sa\u00fade\u00a0 para o atendimento qualificado da popula\u00e7\u00e3o\u00a0idosa, que exige cuidados diferenciados. Ela prop\u00f5e detectar a fragilidade dos\u00a0idosos\u00a0e prevenir riscos que possam impactar em um envelhecimento ativo e saud\u00e1vel.<br \/>\nO CISVIR, atrav\u00e9s do Programa Estadual de Incentivo aos Cons\u00f3rcios de Sa\u00fade &#8211; COMSUS, vinculado a Secretaria Estadual de Sa\u00fade do Paran\u00e1, est\u00e1 em processo de implanta\u00e7\u00e3o da Rede de Aten\u00e7\u00e3o Integral a Sa\u00fade do Idoso em alguns munic\u00edpios consorciados.<br \/>\nA equipe multidisciplinar do CISVIR que est\u00e1 \u00e0 frente desse projeto \u00e9 formada por m\u00e9dico, enfermeira, nutricionista e assistente social. \u201cO objetivo desses profissionais \u00e9 muito mais que realizar atendimento m\u00e9dicos ao idoso. Essa equipe tamb\u00e9m tem o prop\u00f3sito de qualificar toda rede de atendimento, como Centro de Refer\u00eancia de Assist\u00eancia Social, Centro de Refer\u00eancia Especializado em Assist\u00eancia Social, Unidades B\u00e1sicas de Sa\u00fade, N\u00facleo de Apoio a Sa\u00fade da Fam\u00edlia, Agentes Comunit\u00e1rios de Sa\u00fade, Agentes de Combate de Endemias, t\u00e9cnicos das secretarias municipais que possuem programas e servi\u00e7os que atendam aos idosos, para que tenham um novo olhar a essa demanda que emerge necessitando cada vez mais pol\u00edticas p\u00fablicas intersetoriais\u201d, explica a coordenadora geral do CISVIR, Let\u00edcia Bento.<br \/>\nO projeto piloto ser\u00e1 desenvolvido inicialmente em seis Unidades B\u00e1sicas de Sa\u00fade (UBSs): Maria do Caf\u00e9, no Jardim Ponta Grossa; Ant\u00f4nio Sachelli, no Jardim Colonial; Bolivar Pav\u00e3o, no Jardim Am\u00e9rica; Raul Castilho, no N\u00facleo Habitacional Jo\u00e3o Paulo; Osvaldo Damim, no Jaboti; Marcos S. Mascaro, no N\u00facleo Parigot de Souza.<br \/>\n\u201cVamos tentar levar esse modelo para todas as UBSs. O idoso \u00e9 um dos p\u00fablicos priorit\u00e1rios na nossa gest\u00e3o, em especial na \u00e1rea da sa\u00fade. \u00c9 mais uma proposta dentro do Programa Viver 80 para garantir qualidade de vida aos apucaranenses na terceira idade\u201d, afirma o prefeito Junior da Femac.<br \/>\nO ponto de partida para a implanta\u00e7\u00e3o das atividades do RAISI em Apucarana vai acontecer no pr\u00f3ximo dia 10, numa reuni\u00e3o com os Agentes Comunit\u00e1rios de Sa\u00fade, Agente de Endemias, Residentes e os t\u00e9cnicos das UBS que far\u00e3o parte do projeto piloto. \u201cAl\u00e9m de explicar como ser\u00e1 desenvolvido o atendimento da RAISI, haver\u00e1 uma sensibiliza\u00e7\u00e3o de todos os profissionais que cuidam e trabalham com idosos em todo territ\u00f3rio do munic\u00edpio, para que construam um novo olhar em seus trabalhos sobre essa popula\u00e7\u00e3o\u201d, informa a diretora administrativa do cons\u00f3rcio, Joana D\u00b4Arc Previati<br \/>\n&nbsp;<\/p>\n","protected":false},"excerpt":{"rendered":"<p>Prefeito Junior da Femac assinou o termo de ades\u00e3o \u00e0 \u201cRede de Aten\u00e7\u00e3o Integral \u00e0 Sa\u00fade do Idoso\u201d<\/p>\n","protected":false},"author":4,"featured_media":28357,"comment_status":"closed","ping_status":"open","sticky":false,"template":"","format":"standard","meta":{"footnotes":""},"categories":[24],"tags":[],"class_list":["post-28356","post","type-post","status-publish","format-standard","has-post-thumbnail","hentry","category-noticias"],"acf":[],"_links":{"self":[{"href":"http:\/\/www.apucarana.pr.gov.br\/site\/wp-json\/wp\/v2\/posts\/28356","targetHints":{"allow":["GET"]}}],"collection":[{"href":"http:\/\/www.apucarana.pr.gov.br\/site\/wp-json\/wp\/v2\/posts"}],"about":[{"href":"http:\/\/www.apucarana.pr.gov.br\/site\/wp-json\/wp\/v2\/types\/post"}],"author":[{"embeddable":true,"href":"http:\/\/www.apucarana.pr.gov.br\/site\/wp-json\/wp\/v2\/users\/4"}],"replies":[{"embeddable":true,"href":"http:\/\/www.apucarana.pr.gov.br\/site\/wp-json\/wp\/v2\/comments?post=28356"}],"version-history":[{"count":1,"href":"http:\/\/www.apucarana.pr.gov.br\/site\/wp-json\/wp\/v2\/posts\/28356\/revisions"}],"predecessor-version":[{"id":99936,"href":"http:\/\/www.apucarana.pr.gov.br\/site\/wp-json\/wp\/v2\/posts\/28356\/revisions\/99936"}],"wp:featuredmedia":[{"embeddable":true,"href":"http:\/\/www.apucarana.pr.gov.br\/site\/wp-json\/"}],"wp:attachment":[{"href":"http:\/\/www.apucarana.pr.gov.br\/site\/wp-json\/wp\/v2\/media?parent=28356"}],"wp:term":[{"taxonomy":"category","embeddable":true,"href":"http:\/\/www.apucarana.pr.gov.br\/site\/wp-json\/wp\/v2\/categories?post=28356"},{"taxonomy":"post_tag","embeddable":true,"href":"http:\/\/www.apucarana.pr.gov.br\/site\/wp-json\/wp\/v2\/tags?post=28356"}],"curies":[{"name":"wp","href":"https:\/\/api.w.org\/{rel}","templated":true}]}}