{"id":28317,"date":"2019-12-02T09:48:31","date_gmt":"2019-12-02T11:48:31","guid":{"rendered":"http:\/\/172.16.0.7\/site-antigo\/?p=28317"},"modified":"2024-10-08T09:19:37","modified_gmt":"2024-10-08T12:19:37","slug":"apucarana-realiza-campanha-de-prevencao-de-cancer-de-pele","status":"publish","type":"post","link":"http:\/\/www.apucarana.pr.gov.br\/site\/apucarana-realiza-campanha-de-prevencao-de-cancer-de-pele\/","title":{"rendered":"Apucarana realiza campanha de preven\u00e7\u00e3o de c\u00e2ncer de pele"},"content":{"rendered":"<p>Pelo 21\u00ba ano consecutivo Apucarana realiza no pr\u00f3ximo s\u00e1bado (7) a Campanha de Preven\u00e7\u00e3o ao C\u00e2ncer de Pele. Os exames gratuitos s\u00e3o voltados exclusivamente para pessoas que apresentam manchas com suspeita de c\u00e2ncer de pele.<br \/>\nO atendimento vai acontecer no Ambulat\u00f3rio de Dermatologia que funciona no primeiro andar da Autarquia Municipal de Sa\u00fade (AMS) de Apucarana, entre 9 horas e 15 horas. A a\u00e7\u00e3o na cidade envolve parceria da AMS, Unimed e Sociedade Brasileira de Dermatologia.<br \/>\nOnze dermatologistas estar\u00e3o \u00e0 disposi\u00e7\u00e3o da popula\u00e7\u00e3o em geral para as consultas. Com base nos anos anteriores, a campanha realiza uma m\u00e9dia de 600 atendimentos, resultando em 11% a 13% de casos com diagn\u00f3stico de c\u00e2ncer de pele.<br \/>\nA a\u00e7\u00e3o faz parte da campanha Dezembro Laranja \u201cSe Exponha, Mas N\u00e3o se Queime\u201d, desenvolvida anualmente pela Sociedade Brasileira de Dermatologia. A Autarquia Municipal de Apucarana est\u00e1 localizada na Rua Miguel Sim\u00e3o, pr\u00f3xima ao Shopping Centro Norte.<br \/>\nConforme dados do Instituto Nacional de C\u00e2ncer (Inca), todos os anos surgem 176 mil casos de c\u00e2ncer da pele, o de maior incid\u00eancia no pa\u00eds. \u201cSe diagnosticado no in\u00edcio, a chance de cura do c\u00e2ncer de pele \u00e9 de 90%. O c\u00e2ncer \u00e9 trai\u00e7oeiro porque n\u00e3o d\u00f3i e ele se inicia com se fosse uma espinha e depois de um tempo pode sangrar\u201d, explica o dermatologista Alfredo Bacciotti de Lima, coordenador da campanha em Apucarana.<br \/>\nBacciotti enfatiza que a principal causa de c\u00e2ncer da pele \u00e9 a exposi\u00e7\u00e3o excessiva e sem prote\u00e7\u00e3o ao sol. A orienta\u00e7\u00e3o \u00e9 para aplicar protetor solar diariamente, usar \u00f3culos escuros com protetor UVA e UVB, usar camiseta e chap\u00e9u e evitar o sol das 10 \u00e0s 16 horas.<br \/>\n<strong>Fatores de risco do c\u00e2ncer de pele:<\/strong><br \/>\n&#8211; Algu\u00e9m na sua fam\u00edlia tem ou j\u00e1 teve c\u00e2ncer de pele?<br \/>\n&#8211; Voc\u00ea j\u00e1 teve mais de 6 queimaduras de sol durante a vida, daquelas que a pele fica muito avermelhada e ardendo?<br \/>\n&#8211; Tem muitas sardas ou mais de 50 pintas no corpo?<br \/>\n&#8211; Tem pele muito clara, daquela que sempre no sol e nunca bronzeia?<br \/>\n&#8211; Est\u00e1 com alguma ferida que n\u00e3o cicatriza?<br \/>\n&#8211; Possui alguma pinta no corpo que est\u00e1 se modificando, mudando a cor ou crescendo?<br \/>\n&#8211; J\u00e1 teve c\u00e2ncer de pele?<br \/>\n&#8211; Tem mais de 65 anos?<\/p>\n","protected":false},"excerpt":{"rendered":"<p>A\u00e7\u00e3o com consultas gratuitas vai acontecer no pr\u00f3ximo s\u00e1bado, na Autarquia Municipal de Sa\u00fade<\/p>\n","protected":false},"author":4,"featured_media":28318,"comment_status":"closed","ping_status":"open","sticky":false,"template":"","format":"standard","meta":{"footnotes":""},"categories":[24],"tags":[],"class_list":["post-28317","post","type-post","status-publish","format-standard","has-post-thumbnail","hentry","category-noticias"],"acf":[],"_links":{"self":[{"href":"http:\/\/www.apucarana.pr.gov.br\/site\/wp-json\/wp\/v2\/posts\/28317","targetHints":{"allow":["GET"]}}],"collection":[{"href":"http:\/\/www.apucarana.pr.gov.br\/site\/wp-json\/wp\/v2\/posts"}],"about":[{"href":"http:\/\/www.apucarana.pr.gov.br\/site\/wp-json\/wp\/v2\/types\/post"}],"author":[{"embeddable":true,"href":"http:\/\/www.apucarana.pr.gov.br\/site\/wp-json\/wp\/v2\/users\/4"}],"replies":[{"embeddable":true,"href":"http:\/\/www.apucarana.pr.gov.br\/site\/wp-json\/wp\/v2\/comments?post=28317"}],"version-history":[{"count":1,"href":"http:\/\/www.apucarana.pr.gov.br\/site\/wp-json\/wp\/v2\/posts\/28317\/revisions"}],"predecessor-version":[{"id":99939,"href":"http:\/\/www.apucarana.pr.gov.br\/site\/wp-json\/wp\/v2\/posts\/28317\/revisions\/99939"}],"wp:featuredmedia":[{"embeddable":true,"href":"http:\/\/www.apucarana.pr.gov.br\/site\/wp-json\/"}],"wp:attachment":[{"href":"http:\/\/www.apucarana.pr.gov.br\/site\/wp-json\/wp\/v2\/media?parent=28317"}],"wp:term":[{"taxonomy":"category","embeddable":true,"href":"http:\/\/www.apucarana.pr.gov.br\/site\/wp-json\/wp\/v2\/categories?post=28317"},{"taxonomy":"post_tag","embeddable":true,"href":"http:\/\/www.apucarana.pr.gov.br\/site\/wp-json\/wp\/v2\/tags?post=28317"}],"curies":[{"name":"wp","href":"https:\/\/api.w.org\/{rel}","templated":true}]}}