{"id":28266,"date":"2019-11-29T17:27:29","date_gmt":"2019-11-29T19:27:29","guid":{"rendered":"http:\/\/172.16.0.7\/site-antigo\/?p=28266"},"modified":"2024-10-08T09:19:37","modified_gmt":"2024-10-08T12:19:37","slug":"associacao-italiana-anuncia-centro-de-tradicoes-para-apucarana","status":"publish","type":"post","link":"http:\/\/www.apucarana.pr.gov.br\/site\/associacao-italiana-anuncia-centro-de-tradicoes-para-apucarana\/","title":{"rendered":"Associa\u00e7\u00e3o italiana anuncia centro de tradi\u00e7\u00f5es para Apucarana"},"content":{"rendered":"<p>Apucarana vai ganhar um c\u00edrculo italiano em 2020. O an\u00fancio foi feito nesta sexta-feira (29\/11) pelo vice-presidente da Associazione Giuliani Nel Mondo, Franco Miniussi, durante encontro com o prefeito J\u00fanior da Femac. Acompanhado de parentes brasileiros, Miniussi esteve na cidade para conhecer mais sobre a imigra\u00e7\u00e3o italiana e fez quest\u00e3o de se reunir com o Chefe do Executivo para oficializar o an\u00fancio.<br \/>\nPresente em 10 cidades brasileiras, os c\u00edrculos da associa\u00e7\u00e3o italiana congregam imigrantes e descendentes para promover a cultura, os costumes, a l\u00edngua e a gastronomia do pa\u00eds de origem. \u201cFicamos muito felizes com a escolha por Apucarana. A prefeitura est\u00e1 \u00e0 disposi\u00e7\u00e3o para auxiliar no que for preciso para a forma\u00e7\u00e3o do c\u00edrculo. Apucarana tem muita coisa para ser mostrada em rela\u00e7\u00e3o a esta importante etnia, que tem papel de destaque no desenvolvimento da cidade e de todo o Norte do Paran\u00e1, sobretudo na cultura do caf\u00e9, que n\u00e3o teria a hist\u00f3ria que tem e import\u00e2ncia ainda hoje n\u00e3o fosse o trabalho dos italianos\u201d, pontuo o prefeito J\u00fanior da Femac.<br \/>\nDurante o encontro, o J\u00fanior repassou informa\u00e7\u00f5es sobre as principais caracter\u00edsticas s\u00f3cio-econ\u00f4micas de Apucarana e regi\u00e3o. Em um tel\u00e3o, projetou imagens dos principais pontos tur\u00edsticos e, em especial, da Pra\u00e7a Mau\u00e1, rec\u00e9m revitalizada pela prefeitura. \u201cNeste espa\u00e7o, atrav\u00e9s da instala\u00e7\u00e3o de bandeiras, prestamos uma homenagem aos 25 pa\u00edses que mais imigrantes enviaram para Apucarana, entre eles a It\u00e1lia. \u00c9 uma forma de celebrarmos estas na\u00e7\u00f5es e dizer o nosso muito obrigado a todos os pioneiros estrangeiros que contribu\u00edram muito mais do que com m\u00e3o-de-obra, mas com conhecimento e experi\u00eancia\u201d, destacou J\u00fanior, que presenteou Miniussi com o livro \u201cApucarana: Uma Hist\u00f3ria de Sucesso no Norte do Paran\u00e1\u201d e um bon\u00e9 com o dizer \u201cApucarana\u201d.<br \/>\nA Associazione Giuliani Nel Mondo, entidade sem fins lucrativos, \u00e9 origin\u00e1ria de Trieste, localidade italiana situada junto ao Mar Adri\u00e1tico, no lado leste do pa\u00eds. \u201cFabulosa a receptividade em Apucarana. O prefeito se mostrou muito sol\u00edcito com a ideia e vamos, no ano que vem, viabilizar a forma\u00e7\u00e3o de um c\u00edrculo da nossa associa\u00e7\u00e3o na cidade\u201d, confirmou Franco Miniussi, destacando que o Brasil \u00e9 o pa\u00eds com maior n\u00famero de imigrantes italianos no mundo.<\/p>\n","protected":false},"excerpt":{"rendered":"<p>Presente em 10 cidades brasileiras, os c\u00edrculos da associa\u00e7\u00e3o italiana congregam imigrantes e descendentes para promover a cultura, os costumes, a l\u00edngua e a gastronomia do pa\u00eds de origem (Foto: PMA)<\/p>\n","protected":false},"author":4,"featured_media":28268,"comment_status":"closed","ping_status":"open","sticky":false,"template":"","format":"standard","meta":{"footnotes":""},"categories":[24],"tags":[],"class_list":["post-28266","post","type-post","status-publish","format-standard","has-post-thumbnail","hentry","category-noticias"],"acf":[],"_links":{"self":[{"href":"http:\/\/www.apucarana.pr.gov.br\/site\/wp-json\/wp\/v2\/posts\/28266","targetHints":{"allow":["GET"]}}],"collection":[{"href":"http:\/\/www.apucarana.pr.gov.br\/site\/wp-json\/wp\/v2\/posts"}],"about":[{"href":"http:\/\/www.apucarana.pr.gov.br\/site\/wp-json\/wp\/v2\/types\/post"}],"author":[{"embeddable":true,"href":"http:\/\/www.apucarana.pr.gov.br\/site\/wp-json\/wp\/v2\/users\/4"}],"replies":[{"embeddable":true,"href":"http:\/\/www.apucarana.pr.gov.br\/site\/wp-json\/wp\/v2\/comments?post=28266"}],"version-history":[{"count":1,"href":"http:\/\/www.apucarana.pr.gov.br\/site\/wp-json\/wp\/v2\/posts\/28266\/revisions"}],"predecessor-version":[{"id":99943,"href":"http:\/\/www.apucarana.pr.gov.br\/site\/wp-json\/wp\/v2\/posts\/28266\/revisions\/99943"}],"wp:featuredmedia":[{"embeddable":true,"href":"http:\/\/www.apucarana.pr.gov.br\/site\/wp-json\/"}],"wp:attachment":[{"href":"http:\/\/www.apucarana.pr.gov.br\/site\/wp-json\/wp\/v2\/media?parent=28266"}],"wp:term":[{"taxonomy":"category","embeddable":true,"href":"http:\/\/www.apucarana.pr.gov.br\/site\/wp-json\/wp\/v2\/categories?post=28266"},{"taxonomy":"post_tag","embeddable":true,"href":"http:\/\/www.apucarana.pr.gov.br\/site\/wp-json\/wp\/v2\/tags?post=28266"}],"curies":[{"name":"wp","href":"https:\/\/api.w.org\/{rel}","templated":true}]}}