{"id":2825,"date":"2015-05-07T17:28:59","date_gmt":"2015-05-07T17:28:59","guid":{"rendered":"http:\/\/172.16.0.7\/site-antigo\/?p=2825"},"modified":"2024-10-08T09:10:56","modified_gmt":"2024-10-08T12:10:56","slug":"escola-marcos-freire-proporciona-tarde-de-homenagem-as-maes","status":"publish","type":"post","link":"http:\/\/www.apucarana.pr.gov.br\/site\/escola-marcos-freire-proporciona-tarde-de-homenagem-as-maes\/","title":{"rendered":"Escola Marcos Freire proporciona tarde de homenagem as m\u00e3es"},"content":{"rendered":"<p><p><span style=\"letter-spacing: -0.02em; line-height: 1.45em; background-color: initial;\">A dire\u00e7\u00e3o da Escola Municipal Marcos Freire contou com o apoio da Secretaria da Mulher e Assuntos da Fam\u00edlia de Apucarana para homenagear as m\u00e3es dos alunos na tarde de hoje. A programa\u00e7\u00e3o atraiu mais de 200 mulheres ao estabelecimento de ensino, que contaram, inclusive, com a oferta de servi\u00e7os de beleza como corte de cabelo, design de sobrancelha e esmalta\u00e7\u00e3o de unha.<\/span><\/p>\n<p>No evento foram apresentados os atendimentos do prestados pela Secretaria da Mulher, come\u00e7ando pelo Centro de Atendimento \u00e0 Mulher (CAM). &ldquo;O CAM disponibiliza assist\u00eancia social, psicol\u00f3gica e jur\u00eddica as mulheres&rdquo;, informa a secret\u00e1ria da Mulher e Assuntos da Fam\u00edlia, Denise Machado.<\/p>\n<p>As m\u00e3es de alunos tamb\u00e9m foram informadas do trabalho da secretaria voltado \u00e0 autonomia da mulher, atrav\u00e9s da gera\u00e7\u00e3o de renda. Centro de Oficinas da Mulher oferece cursos gratuitos de artesanato; beleza e est\u00e9tica (cabeleireiro, depila\u00e7\u00e3o, manicure e pedicure, e design de sobrancelhas); costura; culin\u00e1ria; Educa\u00e7\u00e3o de Jovens e Adultos (EJA); inform\u00e1tica b\u00e1sica; e dan\u00e7a. &ldquo;Temos um convite para voc\u00eas. O Centro de Oficinas est\u00e1 com as inscri\u00e7\u00f5es abertas para aulas gratuitas de Zumba. Ser\u00e1 as ter\u00e7as-feiras, entre 17 e 18 horas&rdquo;, informou a diretora do Centro de Oficinas,Mara Nicolau. <\/p>\n<p>A secret\u00e1ria Denise tamb\u00e9m falou do &ldquo;Espa\u00e7o Mulher&rdquo;. O local \u00e9 destinado \u00e0 exposi\u00e7\u00e3o e comercializa\u00e7\u00e3o da produ\u00e7\u00e3o artesanal dos empreendimentos que constituem o Projeto de Economia Solid\u00e1ria e Protagonismo Feminino de Apucarana, uma iniciativa que visa \u00e0 gera\u00e7\u00e3o de renda, autonomia financeira e o empoderamento da mulher. Criado h\u00e1 nove meses, o projeto j\u00e1 atraiu cerca de 80 participantes protagonistas de 23 empreendimentos de economia solid\u00e1ria nas \u00e1reas de gastronomia, artesanato, confec\u00e7\u00e3o, produtos sustent\u00e1veis e plantas medicinais. &ldquo;O projeto se mant\u00e9m aberto a novas ades\u00f5es&rdquo;, conclamou Denise.<\/p>\n<p>Al\u00e9m de cuidar da beleza com corte de cabelo, design de sobrancelhas e esmalta\u00e7\u00e3o, as m\u00e3es homenageadas na escola Marcos Freire participaram de oficinas de artesanato e de culin\u00e1ria. Foi tamb\u00e9m servido lanche e n\u00e3o faltou sorteio de brindes.. &ldquo;Agradecemos a apoio da secretaria da mulher para proporcionarmos essas atividades \u00e0s m\u00e3es de nossos alunos. As homenagens n\u00e3o param por a\u00ed. Amanh\u00e3 teremos apresenta\u00e7\u00f5es dos estudantes as suas m\u00e3es&rdquo;, informou a diretora Sarita Cristina Taques Alves.<\/p>\n<\/p>\n<p><\/p>\n","protected":false},"excerpt":{"rendered":"<p>Atividades envolveram cuidados com a beleza, oficinas de artesanato e sorteio de brindes<\/p>\n","protected":false},"author":4,"featured_media":0,"comment_status":"closed","ping_status":"closed","sticky":false,"template":"","format":"standard","meta":{"footnotes":""},"categories":[24],"tags":[],"class_list":["post-2825","post","type-post","status-publish","format-standard","hentry","category-noticias"],"acf":[],"_links":{"self":[{"href":"http:\/\/www.apucarana.pr.gov.br\/site\/wp-json\/wp\/v2\/posts\/2825","targetHints":{"allow":["GET"]}}],"collection":[{"href":"http:\/\/www.apucarana.pr.gov.br\/site\/wp-json\/wp\/v2\/posts"}],"about":[{"href":"http:\/\/www.apucarana.pr.gov.br\/site\/wp-json\/wp\/v2\/types\/post"}],"author":[{"embeddable":true,"href":"http:\/\/www.apucarana.pr.gov.br\/site\/wp-json\/wp\/v2\/users\/4"}],"replies":[{"embeddable":true,"href":"http:\/\/www.apucarana.pr.gov.br\/site\/wp-json\/wp\/v2\/comments?post=2825"}],"version-history":[{"count":1,"href":"http:\/\/www.apucarana.pr.gov.br\/site\/wp-json\/wp\/v2\/posts\/2825\/revisions"}],"predecessor-version":[{"id":104056,"href":"http:\/\/www.apucarana.pr.gov.br\/site\/wp-json\/wp\/v2\/posts\/2825\/revisions\/104056"}],"wp:attachment":[{"href":"http:\/\/www.apucarana.pr.gov.br\/site\/wp-json\/wp\/v2\/media?parent=2825"}],"wp:term":[{"taxonomy":"category","embeddable":true,"href":"http:\/\/www.apucarana.pr.gov.br\/site\/wp-json\/wp\/v2\/categories?post=2825"},{"taxonomy":"post_tag","embeddable":true,"href":"http:\/\/www.apucarana.pr.gov.br\/site\/wp-json\/wp\/v2\/tags?post=2825"}],"curies":[{"name":"wp","href":"https:\/\/api.w.org\/{rel}","templated":true}]}}