{"id":28247,"date":"2019-11-27T22:38:18","date_gmt":"2019-11-28T00:38:18","guid":{"rendered":"http:\/\/172.16.0.7\/site-antigo\/?p=28247"},"modified":"2024-10-08T09:19:38","modified_gmt":"2024-10-08T12:19:38","slug":"junior-da-femac-reivindica-novos-cursos-para-o-polo-uab","status":"publish","type":"post","link":"http:\/\/www.apucarana.pr.gov.br\/site\/junior-da-femac-reivindica-novos-cursos-para-o-polo-uab\/","title":{"rendered":"Junior da Femac reivindica novos cursos para o Polo UAB"},"content":{"rendered":"<p>O prefeito de Apucarana, Junior da Femac, esteve em audi\u00eancia na tarde desta quarta-feira (27\/11), em Curitiba, com o superintendente geral da Secretaria de Estado da Ci\u00eancia, Tecnologia e Ensino Superior, Aldo Nelson Bona. Foram tratadas de parcerias mantidas com o munic\u00edpio, principalmente por meio do Polo da Universidade Aberta do Brasil (UAB), de Apucarana.<br \/>\n\u201cAgradeci as boas parcerias que vem sendo firmadas entre a prefeitura e a superintend\u00eancia, possibilitando a realiza\u00e7\u00e3o de diversos cursos no nosso Polo UAB, que \u00e9 um dos maiores do Paran\u00e1 na oferta permanente de cursos de gradua\u00e7\u00e3o e p\u00f3s-gradua\u00e7\u00e3o\u201d, comentou Junior da Femac.<br \/>\nO prefeito revela que reivindicou a realiza\u00e7\u00e3o de cursos de especializa\u00e7\u00e3o para os servidores p\u00fablicos e tamb\u00e9m cursos de especializa\u00e7\u00e3o para professores, referente ao ensino de matem\u00e1tica para alunos das escolas municipais. O Professor Aldo Nelson Bona anunciou que em breve ir\u00e1 dar um retorno em rela\u00e7\u00e3o aos pleitos de Apucarana. Ele aproveitou a ocasi\u00e3o para parabenizar o prefeito Junior da Femac pelos resultados obtidos na educa\u00e7\u00e3o municipal, que det\u00e9m o melhor IDEB do Paran\u00e1 e vem recebendo seguidos pr\u00eamios.<\/p>\n","protected":false},"excerpt":{"rendered":"<p>O prefeito revela que reivindicou a realiza\u00e7\u00e3o de cursos de especializa\u00e7\u00e3o para os servidores p\u00fablicos e tamb\u00e9m cursos de especializa\u00e7\u00e3o para professores, referente ao ensino de matem\u00e1tica para alunos das escolas municipais (Foto: divulga\u00e7\u00e3o)<\/p>\n","protected":false},"author":4,"featured_media":28248,"comment_status":"closed","ping_status":"open","sticky":false,"template":"","format":"standard","meta":{"footnotes":""},"categories":[24],"tags":[],"class_list":["post-28247","post","type-post","status-publish","format-standard","has-post-thumbnail","hentry","category-noticias"],"acf":[],"_links":{"self":[{"href":"http:\/\/www.apucarana.pr.gov.br\/site\/wp-json\/wp\/v2\/posts\/28247","targetHints":{"allow":["GET"]}}],"collection":[{"href":"http:\/\/www.apucarana.pr.gov.br\/site\/wp-json\/wp\/v2\/posts"}],"about":[{"href":"http:\/\/www.apucarana.pr.gov.br\/site\/wp-json\/wp\/v2\/types\/post"}],"author":[{"embeddable":true,"href":"http:\/\/www.apucarana.pr.gov.br\/site\/wp-json\/wp\/v2\/users\/4"}],"replies":[{"embeddable":true,"href":"http:\/\/www.apucarana.pr.gov.br\/site\/wp-json\/wp\/v2\/comments?post=28247"}],"version-history":[{"count":1,"href":"http:\/\/www.apucarana.pr.gov.br\/site\/wp-json\/wp\/v2\/posts\/28247\/revisions"}],"predecessor-version":[{"id":99947,"href":"http:\/\/www.apucarana.pr.gov.br\/site\/wp-json\/wp\/v2\/posts\/28247\/revisions\/99947"}],"wp:featuredmedia":[{"embeddable":true,"href":"http:\/\/www.apucarana.pr.gov.br\/site\/wp-json\/"}],"wp:attachment":[{"href":"http:\/\/www.apucarana.pr.gov.br\/site\/wp-json\/wp\/v2\/media?parent=28247"}],"wp:term":[{"taxonomy":"category","embeddable":true,"href":"http:\/\/www.apucarana.pr.gov.br\/site\/wp-json\/wp\/v2\/categories?post=28247"},{"taxonomy":"post_tag","embeddable":true,"href":"http:\/\/www.apucarana.pr.gov.br\/site\/wp-json\/wp\/v2\/tags?post=28247"}],"curies":[{"name":"wp","href":"https:\/\/api.w.org\/{rel}","templated":true}]}}