{"id":2824,"date":"2015-05-07T14:35:59","date_gmt":"2015-05-07T14:35:59","guid":{"rendered":"http:\/\/172.16.0.7\/site-antigo\/?p=2824"},"modified":"2024-10-08T09:10:56","modified_gmt":"2024-10-08T12:10:56","slug":"meio-ambiente-promove-soltura-de-raposa-em-apucarana","status":"publish","type":"post","link":"http:\/\/www.apucarana.pr.gov.br\/site\/meio-ambiente-promove-soltura-de-raposa-em-apucarana\/","title":{"rendered":"Meio Ambiente promove soltura de raposa em Apucarana"},"content":{"rendered":"<\/p>\n<p><span style=\"letter-spacing: -0.02em; line-height: 1.45em; background-color: initial;\">A Secretaria de Meio Ambiente da Prefeitura de Apucarana promoveu no in\u00edcio da noite de quarta-feira (06\/05), em \u00e1rea de mata fechada distante da cidade, a reinser\u00e7\u00e3o natural de uma raposa do campo. O animal selvagem havia sido capturado pelo Corpo de Bombeiro em regi\u00e3o do Col\u00e9gio Polivalente de Apucarana (Premem). O local preciso da soltura n\u00e3o foi divulgado pelas autoridades por garantias de seguran\u00e7a. <\/p>\n<p>&ldquo;Ao recebermos a raposa, que j\u00e1 \u00e9 um esp\u00e9cime adulto, fizemos a avalia\u00e7\u00e3o biol\u00f3gica e como estava em boas condi\u00e7\u00f5es de sa\u00fade partimos para a reinser\u00e7\u00e3o imediata na natureza&rdquo;, informou &Eacute;werton Pires, secret\u00e1rio de Meio Ambiente.<br \/><\/span><span style=\"letter-spacing: -0.02em; line-height: 1.45em; background-color: initial;\"><br \/>Sempre que um animal selvagem \u00e9 visto longe de seu habitat, principalmente em \u00e1reas urbanas, s\u00e3o fortes os ind\u00edcios de desequil\u00edbrios como dificuldades de encontrar alimentos, degrada\u00e7\u00e3o ambiental como polui\u00e7\u00e3o ou desmatamento, ou ainda queimadas, que for\u00e7am o \u00eaxodo como forma de sobreviv\u00eancia. &ldquo;Independente do motivo, orientamos \u00e0s pessoas a n\u00e3o procurarem agir por conta pr\u00f3pria na tentativa de captura. O correto, ao se deparar com um animal selvagem, \u00e9 acionar as autoridades, como o Corpo de Bombeiros, a For\u00e7a Verde ou a Secretaria de Meio Ambiente&rdquo;, orienta Pires.<br \/><\/span><span style=\"letter-spacing: -0.02em; line-height: 1.45em; background-color: initial;\"><br \/>Com rela\u00e7\u00e3o \u00e0 raposa do campo, ele destaca que n\u00e3o se trata de um animal perigoso. &ldquo;Esta esp\u00e9cie \u00e9 generalista e se adapta muito bem \u00e0 expans\u00e3o das cidades, vivendo ao seu entorno nas propriedades rurais&rdquo;, comenta o secret\u00e1rio.<br \/><\/span><span style=\"letter-spacing: -0.02em; line-height: 1.45em; background-color: initial;\"><br \/>Ainda nesta semana as autoridades ambientais precisaram lidar com outra captura, tamb\u00e9m em propriedade rural do Distrito de Vila Reis. Na oportunidade, a opera\u00e7\u00e3o ficou a cargo da <\/span><span style=\"letter-spacing: -0.02em; line-height: 1.45em; background-color: initial;\">Pol\u00edcia Ambiental For\u00e7a Verde e envolveu um gato-maracaj\u00e1 que estava atacando galinheiros na regi\u00e3o. Assim como no caso da raposa, o felino foi avaliado por um bi\u00f3logo da prefeitura e devolvido \u00e0 natureza.<\/span><\/p><\/p>\n","protected":false},"excerpt":{"rendered":"<p>O animal selvagem havia sido capturado pelo Corpo de Bombeiro em regi&atilde;o do Col&eacute;gio Polivalente de Apucarana (Premem)<\/p>\n","protected":false},"author":4,"featured_media":0,"comment_status":"closed","ping_status":"closed","sticky":false,"template":"","format":"standard","meta":{"footnotes":""},"categories":[24],"tags":[],"class_list":["post-2824","post","type-post","status-publish","format-standard","hentry","category-noticias"],"acf":[],"_links":{"self":[{"href":"http:\/\/www.apucarana.pr.gov.br\/site\/wp-json\/wp\/v2\/posts\/2824","targetHints":{"allow":["GET"]}}],"collection":[{"href":"http:\/\/www.apucarana.pr.gov.br\/site\/wp-json\/wp\/v2\/posts"}],"about":[{"href":"http:\/\/www.apucarana.pr.gov.br\/site\/wp-json\/wp\/v2\/types\/post"}],"author":[{"embeddable":true,"href":"http:\/\/www.apucarana.pr.gov.br\/site\/wp-json\/wp\/v2\/users\/4"}],"replies":[{"embeddable":true,"href":"http:\/\/www.apucarana.pr.gov.br\/site\/wp-json\/wp\/v2\/comments?post=2824"}],"version-history":[{"count":1,"href":"http:\/\/www.apucarana.pr.gov.br\/site\/wp-json\/wp\/v2\/posts\/2824\/revisions"}],"predecessor-version":[{"id":104057,"href":"http:\/\/www.apucarana.pr.gov.br\/site\/wp-json\/wp\/v2\/posts\/2824\/revisions\/104057"}],"wp:attachment":[{"href":"http:\/\/www.apucarana.pr.gov.br\/site\/wp-json\/wp\/v2\/media?parent=2824"}],"wp:term":[{"taxonomy":"category","embeddable":true,"href":"http:\/\/www.apucarana.pr.gov.br\/site\/wp-json\/wp\/v2\/categories?post=2824"},{"taxonomy":"post_tag","embeddable":true,"href":"http:\/\/www.apucarana.pr.gov.br\/site\/wp-json\/wp\/v2\/tags?post=2824"}],"curies":[{"name":"wp","href":"https:\/\/api.w.org\/{rel}","templated":true}]}}