{"id":2823,"date":"2015-05-07T12:49:00","date_gmt":"2015-05-07T12:49:00","guid":{"rendered":"http:\/\/172.16.0.7\/site-antigo\/?p=2823"},"modified":"2024-10-08T09:10:56","modified_gmt":"2024-10-08T12:10:56","slug":"prefeito-realiza-primeira-reuniao-com-nova-diretoria-do-sindicato-dos-servidores","status":"publish","type":"post","link":"http:\/\/www.apucarana.pr.gov.br\/site\/prefeito-realiza-primeira-reuniao-com-nova-diretoria-do-sindicato-dos-servidores\/","title":{"rendered":"Prefeito realiza primeira reuni\u00e3o com nova diretoria do Sindicato dos Servidores"},"content":{"rendered":"<p><p><span style=\"letter-spacing: -0.02em; line-height: 1.45em; background-color: initial;\">Refor\u00e7ando a abertura para o di\u00e1logo e a transpar\u00eancia, o prefeito de Apucarana, Beto Preto, recebeu nesta quinta-feira (07\/05) a nova diretoria do Sindicato dos Servidores P\u00fablicos Municipais de Apucarana e Regi\u00e3o (Sindspa). &ldquo;Reafirmo o meu compromisso com o servidor. Estamos de portas abertas para conversar, dialogar, debater. O momento para avan\u00e7armos \u00e9 agora&rdquo;, ressaltou Beto Preto na reuni\u00e3o, que definiu um cronograma de reuni\u00f5es mensais entre o Executivo e a diretoria do Sindicato.<br \/><\/span><span style=\"letter-spacing: -0.02em; line-height: 1.45em; background-color: initial;\"><br \/>A reuni\u00e3o contou com a presen\u00e7a do presidente eleito Andr\u00e9 Joaquina, que \u00e9 agente comunit\u00e1rio de sa\u00fade, e assumiu o lugar da professora Elisabete Costa de Souza, que esteve no cargo por 18 anos e foi derrotada na sua tentativa de mais uma reelei\u00e7\u00e3o. O prefeito de Apucarana lembrou das dificuldades de manter um canal de di\u00e1logo com a diretoria antiga, afirmando que o Sindspa entra em nova fase. &ldquo;O Sindicato dos Servidores precisa ser refundado para que se aproxime dos servidores, garantindo os avan\u00e7os que s\u00e3o esperados&rdquo;, frisa Beto Preto.<br \/><\/span><span style=\"letter-spacing: -0.02em; line-height: 1.45em; background-color: initial;\"><br \/>Tamb\u00e9m participaram da reuni\u00e3o os demais membros da diretoria, al\u00e9m do secret\u00e1rio municipal de Governo, S\u00e9rgio Luiz Barroso, do procurador jur\u00eddico do munic\u00edpio, Paulo Vital, do chefe de gabinete, Marcos Bueno, e do superintendente de rela\u00e7\u00f5es com a comunidade, La\u00e9rcio de Morais, al\u00e9m de Marli Regina Fernandes da Silva, diretora-presidente da Autarquia Municipal de Educa\u00e7\u00e3o e de Roberto Kaneta, diretor-presidente da Autarquia Municipal de Sa\u00fade.<br \/><\/span><span style=\"letter-spacing: -0.02em; line-height: 1.45em; background-color: initial;\"><br \/>&ldquo;Fiz quest\u00e3o de que a Marli e o Kaneta participassem da reuni\u00e3o, pois a Educa\u00e7\u00e3o tem 1.400 servidores e na Sa\u00fade s\u00e3o mais 900 funcion\u00e1rios. &Eacute; importante o sindicato estreitar o relacionamento, mantendo um di\u00e1logo permanente com as duas autarquias, que juntas re\u00fanem dois ter\u00e7os do quadro de funcion\u00e1rios&rdquo;, assinala Beto Preto.<br \/><\/span><span style=\"letter-spacing: -0.02em; line-height: 1.45em; background-color: initial;\"><br \/>O prefeito de Apucarana afirmou que os avan\u00e7os, que j\u00e1 est\u00e3o em curso, ser\u00e3o viabilizados gradualmente. &ldquo;H\u00e1 quest\u00f5es pontuais, r\u00e1pidas e objetivas que podem ser resolvidas, como proporcionar ganho real aos servidores que recebem menos, tirando-os do patamar do sal\u00e1rio m\u00ednimo&rdquo;, sugere, salientando que v\u00e1rios ajustes j\u00e1 foram promovidos pela atual administra\u00e7\u00e3o, beneficiando professores e funcion\u00e1rios da educa\u00e7\u00e3o,agentes comunit\u00e1rios de sa\u00fade e de endemias, profissionais de higiene dental e motoristas do SAMU.<br \/><\/span><span style=\"letter-spacing: -0.02em; line-height: 1.45em; background-color: initial;\"><br \/>O novo presidente do Sindspa, por sua vez, relatou v\u00e1rias dificuldades ao assumir o cargo, especialmente com a falta de documentos recentes relacionados ao sindicato. &ldquo;J\u00e1 estamos com o telefone e a internet cortados por n\u00e3o termos o tal\u00e3o das contas para efetuarmos o pagamento, mesma situa\u00e7\u00e3o que poder\u00e1 acontecer com a energia&rdquo;, relata, citando ainda problemas relacionadas com a loca\u00e7\u00e3o do im\u00f3vel onde fica a sede do sindicato e com um autom\u00f3vel que foi financiado.<br \/><\/span><span style=\"letter-spacing: -0.02em; line-height: 1.45em; background-color: initial;\"><br \/>Outros assuntos tamb\u00e9m foram tratados durante a reuni\u00e3o, como a concess\u00e3o de licen\u00e7as-pr\u00eamio e o grande n\u00famero de a\u00e7\u00f5es trabalhistas impetradas por servidores. A Lei do Est\u00e1gio Probat\u00f3rio, que ser\u00e1 reenviada para a C&acirc;mara de Vereadores, e a possibilidade de instala\u00e7\u00e3o de uma Ouvidoria Sindical tamb\u00e9m foram discutidas.<\/span><\/p><\/p>\n","protected":false},"excerpt":{"rendered":"<p>Beto afirmou que os avan&ccedil;os, que j&aacute; est&atilde;o em curso, ser&atilde;o viabilizados gradualmente<\/p>\n","protected":false},"author":4,"featured_media":0,"comment_status":"closed","ping_status":"closed","sticky":false,"template":"","format":"standard","meta":{"footnotes":""},"categories":[24],"tags":[],"class_list":["post-2823","post","type-post","status-publish","format-standard","hentry","category-noticias"],"acf":[],"_links":{"self":[{"href":"http:\/\/www.apucarana.pr.gov.br\/site\/wp-json\/wp\/v2\/posts\/2823","targetHints":{"allow":["GET"]}}],"collection":[{"href":"http:\/\/www.apucarana.pr.gov.br\/site\/wp-json\/wp\/v2\/posts"}],"about":[{"href":"http:\/\/www.apucarana.pr.gov.br\/site\/wp-json\/wp\/v2\/types\/post"}],"author":[{"embeddable":true,"href":"http:\/\/www.apucarana.pr.gov.br\/site\/wp-json\/wp\/v2\/users\/4"}],"replies":[{"embeddable":true,"href":"http:\/\/www.apucarana.pr.gov.br\/site\/wp-json\/wp\/v2\/comments?post=2823"}],"version-history":[{"count":1,"href":"http:\/\/www.apucarana.pr.gov.br\/site\/wp-json\/wp\/v2\/posts\/2823\/revisions"}],"predecessor-version":[{"id":104058,"href":"http:\/\/www.apucarana.pr.gov.br\/site\/wp-json\/wp\/v2\/posts\/2823\/revisions\/104058"}],"wp:attachment":[{"href":"http:\/\/www.apucarana.pr.gov.br\/site\/wp-json\/wp\/v2\/media?parent=2823"}],"wp:term":[{"taxonomy":"category","embeddable":true,"href":"http:\/\/www.apucarana.pr.gov.br\/site\/wp-json\/wp\/v2\/categories?post=2823"},{"taxonomy":"post_tag","embeddable":true,"href":"http:\/\/www.apucarana.pr.gov.br\/site\/wp-json\/wp\/v2\/tags?post=2823"}],"curies":[{"name":"wp","href":"https:\/\/api.w.org\/{rel}","templated":true}]}}