{"id":2822,"date":"2015-05-07T08:23:00","date_gmt":"2015-05-07T08:23:00","guid":{"rendered":"http:\/\/172.16.0.7\/site-antigo\/?p=2822"},"modified":"2024-10-08T09:10:56","modified_gmt":"2024-10-08T12:10:56","slug":"prefeito-autoriza-recape-no-nucleo-marcos-freire","status":"publish","type":"post","link":"http:\/\/www.apucarana.pr.gov.br\/site\/prefeito-autoriza-recape-no-nucleo-marcos-freire\/","title":{"rendered":"Prefeito autoriza recape no N\u00facleo Marcos Freire"},"content":{"rendered":"<\/p>\n<p><span style=\"letter-spacing: -0.02em; line-height: 1.45em; background-color: initial;\">Aplicando recursos pr\u00f3prios, a Prefeitura de Apucarana vai recapear todas as ruas do N\u00facleo Habitacional Marcos Freire. A ordem de servi\u00e7o, no valor de R$ 266 mil, foi assinada na noite de ontem (6) pelo prefeito Beto Preto e o secret\u00e1rio de obras, engenheiro Herivelto Moreno. O ato foi realizado no Centro Comunit\u00e1rio da Associa\u00e7\u00e3o de Moradores do Marcos Freire.<\/span><\/p>\n<p><span style=\"letter-spacing: -0.02em; line-height: 1.45em; background-color: initial;\"><br \/><\/span><span style=\"letter-spacing: -0.02em; line-height: 1.45em; background-color: initial;\">  <\/p>\n<p><b><u>Click nos links de \u00e1udio acima<\/u><\/b><\/p>\n<p>Conforme relatou o prefeito, oper\u00e1rios j\u00e1 providenciaram ontem a limpeza das ruas e as obras t\u00eam in\u00edcio de imediato, nesta quinta-feira. As melhorias chegar\u00e3o \u00e0s 11 ruas do n\u00facleo habitacional, totalizando 16.300 metros quadrados de \u00e1rea que ser\u00e3o recapeados com CBUQ (Concreto Betuminoso Usinado a Quente). O servi\u00e7o ser\u00e1 executado pela Tapalan Constru\u00e7\u00f5es e Empreendimentos Ltda, empresa que venceu o processo licitat\u00f3rio.<br \/><\/span><span style=\"letter-spacing: -0.02em; line-height: 1.45em; background-color: initial;\"><br \/>Os servi\u00e7os compreendem limpeza e lavagem da pista, tapa-buraco e a aplica\u00e7\u00e3o de uma capa de CBUQ com dois cent\u00edmetros de espessura. &ldquo;Reconhecemos que as ruas do bairro est\u00e3o em prec\u00e1rias condi\u00e7\u00f5es. Agrade\u00e7o a compreens\u00e3o dos moradores, que esperaram um longo tempo por essas obras. &Eacute; mais uma melhoria que estamos conseguindo levar para essa regi\u00e3o da cidade&rdquo;, afirmou o prefeito Beto Preto.<br \/><\/span><span style=\"letter-spacing: -0.02em; line-height: 1.45em; background-color: initial;\"><br \/>A assinatura da ordem de servi\u00e7o foi prestigiada por lideran\u00e7as e moradores do Marcos Freire, al\u00e9m de vereadores e secret\u00e1rios municipais. Ser\u00e3o beneficiadas com o recape asf\u00e1ltico as seguinte ruas: Fernando Pereira, Jos\u00e9 Ciapina, Edmundo de Fauw, Pato Branco, Carlos Caramori, Ibat\u00e9, Alzemiro Bassi, Benedito Ribeiro Valim, Sime\u00e3o Carranza, Luiz Matiuzzi e Rua Franscisco Mesquita Gomes.<\/span><\/p><\/p>\n","protected":false},"excerpt":{"rendered":"<p>Recupera&ccedil;&atilde;o do pavimento abrange todas as ruas do bairro, totalizando 16.300 metros quadrados de &aacute;rea<\/p>\n","protected":false},"author":4,"featured_media":0,"comment_status":"closed","ping_status":"closed","sticky":false,"template":"","format":"standard","meta":{"footnotes":""},"categories":[24],"tags":[],"class_list":["post-2822","post","type-post","status-publish","format-standard","hentry","category-noticias"],"acf":[],"_links":{"self":[{"href":"http:\/\/www.apucarana.pr.gov.br\/site\/wp-json\/wp\/v2\/posts\/2822","targetHints":{"allow":["GET"]}}],"collection":[{"href":"http:\/\/www.apucarana.pr.gov.br\/site\/wp-json\/wp\/v2\/posts"}],"about":[{"href":"http:\/\/www.apucarana.pr.gov.br\/site\/wp-json\/wp\/v2\/types\/post"}],"author":[{"embeddable":true,"href":"http:\/\/www.apucarana.pr.gov.br\/site\/wp-json\/wp\/v2\/users\/4"}],"replies":[{"embeddable":true,"href":"http:\/\/www.apucarana.pr.gov.br\/site\/wp-json\/wp\/v2\/comments?post=2822"}],"version-history":[{"count":1,"href":"http:\/\/www.apucarana.pr.gov.br\/site\/wp-json\/wp\/v2\/posts\/2822\/revisions"}],"predecessor-version":[{"id":104060,"href":"http:\/\/www.apucarana.pr.gov.br\/site\/wp-json\/wp\/v2\/posts\/2822\/revisions\/104060"}],"wp:attachment":[{"href":"http:\/\/www.apucarana.pr.gov.br\/site\/wp-json\/wp\/v2\/media?parent=2822"}],"wp:term":[{"taxonomy":"category","embeddable":true,"href":"http:\/\/www.apucarana.pr.gov.br\/site\/wp-json\/wp\/v2\/categories?post=2822"},{"taxonomy":"post_tag","embeddable":true,"href":"http:\/\/www.apucarana.pr.gov.br\/site\/wp-json\/wp\/v2\/tags?post=2822"}],"curies":[{"name":"wp","href":"https:\/\/api.w.org\/{rel}","templated":true}]}}