{"id":2821,"date":"2015-05-07T11:32:00","date_gmt":"2015-05-07T11:32:00","guid":{"rendered":"http:\/\/172.16.0.7\/site-antigo\/?p=2821"},"modified":"2024-10-08T09:10:56","modified_gmt":"2024-10-08T12:10:56","slug":"alunos-do-projeto-de-atletismo-apresentam-medalhas-conquistadas","status":"publish","type":"post","link":"http:\/\/www.apucarana.pr.gov.br\/site\/alunos-do-projeto-de-atletismo-apresentam-medalhas-conquistadas\/","title":{"rendered":"Alunos do projeto de atletismo apresentam medalhas conquistadas"},"content":{"rendered":"<p><p>Atrav\u00e9s de uma parceria entre a Secretaria Municipal de Esportes e Lazer e a Autarquia Municipal de Educa\u00e7\u00e3o, Apucarana est\u00e1 desenvolvendo um trabalho de base na \u00e1rea do atletismo. Inicialmente, o projeto envolve tr\u00eas escolas municipais, mas a meta \u00e9 levar a iniciativa para, pelo menos, a metade das escolas da rede municipal. Nesta quinta-feira (07\/05), um grupo de alunos apresentou ao prefeito de Apucarana, Beto Preto, as medalhas conquistadas na 41\u00aa Prova R\u00fastica Tiradentes, disputada no final de abril em Maring\u00e1.<\/p>\n<p>O ato foi realizado no gabinete do prefeito e contou com a presen\u00e7a do secret\u00e1rio municipal de Governo, S\u00e9rgio Luiz Barroso, do secret\u00e1rio municipal de Esportes e Lazer, Paulo Aparecido Kisner (Paul\u00e3o), e da diretora-presidente da Autarquia Municipal de Educa\u00e7\u00e3o. Estiveram ainda presentes Luciana Verussa, coordenadora pedag\u00f3gica da Escola do Campo Padre Ant&ocirc;nio Vieira (Distrito de Correia de Freitas), Lucineide Valverde Gaspar, diretora da Escola Jos\u00e9 de Alencar (Distrito de Vila Reis) e Margareth Pazine, diretora da Escola Vida Nova (Caic), al\u00e9m de t\u00e9cnicos esportivos que desenvolvem as atividades nas escolas. <\/p>\n<p>&ldquo;O atletismo \u00e9 a base de tudo, antes mesmo do futebol, pois desenvolve as capacidades motoras que s\u00e3o essenciais para a pr\u00e1tica das mais diversas modalidades esportivas. Estamos iniciando esse trabalho de base, com a expectativa de que futuramente Apucarana possa ter atletas competindo em alto n\u00edvel&rdquo;, frisa Beto Preto, lembrando que o Munic\u00edpio implantou o Circuito de Corrida das Escolas Municipais e adquiriu diversos kits de miniatletismo que est\u00e3o sendo utilizados, em sistema de rod\u00edzio, na rede municipal de ensino.<\/p>\n<p>O prefeito de Apucarana afirma que, al\u00e9m da pr\u00e1tica esportiva, o projeto de atletismo \u00e9 uma oportunidade para os alunos participarem de competi\u00e7\u00f5es e de conhecerem outras cidades. &ldquo;Temos o exemplo do aluno Kaique, que mora no Rio do Cerne e estuda na escola localizada no Distrito de Correia de Freitas. Ele nos relatou que nunca imaginou poder participar de provas fora de Apucarana e de poder viajar para outras cidades&rdquo;, conta Beto Preto. <\/p>\n<p>De acordo com o secret\u00e1rio municipal de Esportes e Lazer, quinze alunos do projeto de atletismo participaram da 41\u00aa Prova R\u00fastica Tiradentes, nas categorias sub-11, pr\u00e9-mirim e mirim. &ldquo;V\u00e1rios alunos venceram suas baterias e, na classifica\u00e7\u00e3o geral, tivemos alunos que ficaram em quarto, quinto, sexto e s\u00e9timo lugares. Depois, tivemos ainda aqueles que no geral ficaram entre a oitava e a 16\u00aa posi\u00e7\u00e3o&rdquo;, detalha Paul\u00e3o, afirmando que a meta \u00e9 ampliar o projeto. &ldquo;Um dos desafios \u00e9 viabilizar espa\u00e7os para realizar os treinamentos. Nos distritos, por exemplo, utilizamos os campos de futebol localizados nestas comunidades&rdquo;, pontua Paul\u00e3o.<\/p>\n<p>Os treinamentos s\u00e3o realizados duas vezes por semana, \u00e0s ter\u00e7as e quintas-feiras, das 13h30 \u00e0s 15 horas. &ldquo;Estamos obtendo grandes resultados com a introdu\u00e7\u00e3o do esporte nas escolas. Mantemos, por\u00e9m, sempre o olhar pedag\u00f3gico para que n\u00e3o haja uma diminui\u00e7\u00e3o do rendimento e do aprendizado dentro da sala de aula&rdquo;, observa Marli Regina Fernandes da Silva, diretora-presidente da Autarquia Municipal de Educa\u00e7\u00e3o.<\/p>\n<p>Os alunos que porventura apresentarem baixo rendimento escolar ou indisciplina s\u00e3o afastados temporariamente das atividades esportivas. &ldquo;O que verificamos \u00e9 que as crian\u00e7as adoram e se sentem motivadas com as atividades. Como elas acontecem durante o hor\u00e1rio das aulas, buscamos antecipar as tarefas para que n\u00e3o haja interfer\u00eancia no processo de aprendizagem&rdquo;, refor\u00e7a Lucineide Valverde Gaspar, diretora da Escola Municipal Jos\u00e9 de Alencar.<\/p>\n<p><\/p>\n","protected":false},"excerpt":{"rendered":"<p>Estudantes participaram recentemente da 41&ordf; Prova R&uacute;stica Tiradentes, disputada em Maring&aacute;<\/p>\n","protected":false},"author":4,"featured_media":0,"comment_status":"closed","ping_status":"closed","sticky":false,"template":"","format":"standard","meta":{"footnotes":""},"categories":[24],"tags":[],"class_list":["post-2821","post","type-post","status-publish","format-standard","hentry","category-noticias"],"acf":[],"_links":{"self":[{"href":"http:\/\/www.apucarana.pr.gov.br\/site\/wp-json\/wp\/v2\/posts\/2821","targetHints":{"allow":["GET"]}}],"collection":[{"href":"http:\/\/www.apucarana.pr.gov.br\/site\/wp-json\/wp\/v2\/posts"}],"about":[{"href":"http:\/\/www.apucarana.pr.gov.br\/site\/wp-json\/wp\/v2\/types\/post"}],"author":[{"embeddable":true,"href":"http:\/\/www.apucarana.pr.gov.br\/site\/wp-json\/wp\/v2\/users\/4"}],"replies":[{"embeddable":true,"href":"http:\/\/www.apucarana.pr.gov.br\/site\/wp-json\/wp\/v2\/comments?post=2821"}],"version-history":[{"count":1,"href":"http:\/\/www.apucarana.pr.gov.br\/site\/wp-json\/wp\/v2\/posts\/2821\/revisions"}],"predecessor-version":[{"id":104059,"href":"http:\/\/www.apucarana.pr.gov.br\/site\/wp-json\/wp\/v2\/posts\/2821\/revisions\/104059"}],"wp:attachment":[{"href":"http:\/\/www.apucarana.pr.gov.br\/site\/wp-json\/wp\/v2\/media?parent=2821"}],"wp:term":[{"taxonomy":"category","embeddable":true,"href":"http:\/\/www.apucarana.pr.gov.br\/site\/wp-json\/wp\/v2\/categories?post=2821"},{"taxonomy":"post_tag","embeddable":true,"href":"http:\/\/www.apucarana.pr.gov.br\/site\/wp-json\/wp\/v2\/tags?post=2821"}],"curies":[{"name":"wp","href":"https:\/\/api.w.org\/{rel}","templated":true}]}}