{"id":2820,"date":"2015-05-06T17:28:00","date_gmt":"2015-05-06T17:28:00","guid":{"rendered":"http:\/\/172.16.0.7\/site-antigo\/?p=2820"},"modified":"2024-10-08T09:10:56","modified_gmt":"2024-10-08T12:10:56","slug":"confraternizacao-celebra-dia-das-maes-em-apucarana","status":"publish","type":"post","link":"http:\/\/www.apucarana.pr.gov.br\/site\/confraternizacao-celebra-dia-das-maes-em-apucarana\/","title":{"rendered":"Confraterniza\u00e7\u00e3o celebra Dia das M\u00e3es em Apucarana"},"content":{"rendered":"<\/p>\n<p><span style=\"letter-spacing: -0.02em; line-height: 1.45em; background-color: initial;\">A primeira-dama de Apucarana, Adriana Gon\u00e7alves, foi a convidada de honra da tradicional confraterniza\u00e7\u00e3o anual do Distrito de Pirap\u00f3, em homenagem ao Dia das M\u00e3es. A atividade, realizada no centro comunit\u00e1rio \u00e9 uma promo\u00e7\u00e3o do Grupo Conviver local com ajuda da comunidade e reuniu mais de 300 mulheres. &ldquo;Uma grande e linda festa, que com muita alegria traduz tudo de bom que representa ser m\u00e3e&rdquo;, destacou Adriana.<br \/><\/span><span style=\"letter-spacing: -0.02em; line-height: 1.45em; background-color: initial;\"><br \/>Coordenados pela Secretaria da Assist\u00eancia Social, com a\u00e7\u00f5es di\u00e1rias realizadas em parceria com as secretarias municipais do Esporte e Lazer, de Promo\u00e7\u00e3o Art\u00edstica, Cultural e Tur\u00edstica (Promatur) e da Mulher e Assuntos da Fam\u00edlia, Apucarana conta atualmente com 40 Grupos Conviver que atuam na garantia de conv\u00edvio ao idoso com oportunidades de socializa\u00e7\u00e3o, ou ressocializa\u00e7\u00e3o, atrav\u00e9s de atividades sociais, f\u00edsicas, culturais, recreativas e intelectuais.<br \/><\/span><span style=\"letter-spacing: -0.02em; line-height: 1.45em; background-color: initial;\"><br \/>S\u00e3o beneficiados diretamente cerca de mil apucaranenses da Terceira Idade. &ldquo;O que estes grupos fazem \u00e9 algo maravilhoso, incentivam a inclus\u00e3o social da pessoa idosa, tirando-a do isolamento social, valorizando os la\u00e7os comunit\u00e1rios e familiares&rdquo;, pontuou a primeira-dama, que no ato transmitiu um convite do prefeito Beto Preto. &ldquo;Nesta sexta-feira, a partir das 14 horas, no Clube 28 de Janeiro, vamos realizar uma outra grande confraterniza\u00e7\u00e3o, desta vez com a presen\u00e7a de todos os grupos da cidade, o prefeito espera a presen\u00e7a de todas para celebrarmos esta data que valoriza sem d\u00favidas a pessoal mais especial na vida de uma pessoa, que \u00e9 a m\u00e3e&rdquo;, disse.<br \/><\/span><span style=\"letter-spacing: -0.02em; line-height: 1.45em; background-color: initial;\"><br \/>A confraterniza\u00e7\u00e3o do Distrito de Pirap\u00f3 contou com bingo, sorteio de brindes, apresenta\u00e7\u00e3o de dan\u00e7a organizada pela Promatur e caf\u00e9 da tarde. O Grupo Conviver local \u00e9 coordenado por Cleide Bilar. Al\u00e9m da primeira-dama Adriana Gon\u00e7alves, o evento contou com a presen\u00e7a das secret\u00e1rias M\u00e1rcia Regina de Souza (Assist\u00eancia Social) e Denise Canesin Mois\u00e9s Machado (Mulher e Assuntos da Fam\u00edlia), e do p\u00e1roco local, Pe. Luizinho Pereira.<br \/><\/span><b style=\"letter-spacing: -0.02em; line-height: 1.45em; background-color: initial;\"><br \/>Como \u00e9 <\/b><span style=\"letter-spacing: -0.02em; line-height: 1.45em; background-color: initial;\">&#8211; Os Grupos Conviver atendem a pessoas com idade a partir de 60 anos. &ldquo;Os encontros acontecem nos Centros de Refer\u00eancia de Assist\u00eancia Social (CRAS), centros comunit\u00e1rios e par\u00f3quias, com trabalhos sob a coordena\u00e7\u00e3o de profissionais e oficineiros&rdquo;, conta M\u00e1rcia Regina de Sousa, secret\u00e1ria Municipal da Assist\u00eancia Social. Mais informa\u00e7\u00f5es sobre o grupo mais pr\u00f3ximo podem ser obtidas no Centro Social Urbano do Parque Bela Vista pelo telefone 3425-1511.<\/span><\/p><\/p>\n","protected":false},"excerpt":{"rendered":"<p>Atividade, realizada no centro comunit&aacute;rio &eacute; uma promo&ccedil;&atilde;o do Grupo Conviver do Distrito de Pirap&oacute;<\/p>\n","protected":false},"author":4,"featured_media":0,"comment_status":"closed","ping_status":"closed","sticky":false,"template":"","format":"standard","meta":{"footnotes":""},"categories":[24],"tags":[],"class_list":["post-2820","post","type-post","status-publish","format-standard","hentry","category-noticias"],"acf":[],"_links":{"self":[{"href":"http:\/\/www.apucarana.pr.gov.br\/site\/wp-json\/wp\/v2\/posts\/2820","targetHints":{"allow":["GET"]}}],"collection":[{"href":"http:\/\/www.apucarana.pr.gov.br\/site\/wp-json\/wp\/v2\/posts"}],"about":[{"href":"http:\/\/www.apucarana.pr.gov.br\/site\/wp-json\/wp\/v2\/types\/post"}],"author":[{"embeddable":true,"href":"http:\/\/www.apucarana.pr.gov.br\/site\/wp-json\/wp\/v2\/users\/4"}],"replies":[{"embeddable":true,"href":"http:\/\/www.apucarana.pr.gov.br\/site\/wp-json\/wp\/v2\/comments?post=2820"}],"version-history":[{"count":1,"href":"http:\/\/www.apucarana.pr.gov.br\/site\/wp-json\/wp\/v2\/posts\/2820\/revisions"}],"predecessor-version":[{"id":104061,"href":"http:\/\/www.apucarana.pr.gov.br\/site\/wp-json\/wp\/v2\/posts\/2820\/revisions\/104061"}],"wp:attachment":[{"href":"http:\/\/www.apucarana.pr.gov.br\/site\/wp-json\/wp\/v2\/media?parent=2820"}],"wp:term":[{"taxonomy":"category","embeddable":true,"href":"http:\/\/www.apucarana.pr.gov.br\/site\/wp-json\/wp\/v2\/categories?post=2820"},{"taxonomy":"post_tag","embeddable":true,"href":"http:\/\/www.apucarana.pr.gov.br\/site\/wp-json\/wp\/v2\/tags?post=2820"}],"curies":[{"name":"wp","href":"https:\/\/api.w.org\/{rel}","templated":true}]}}