{"id":2819,"date":"2015-05-04T13:57:00","date_gmt":"2015-05-04T13:57:00","guid":{"rendered":"http:\/\/172.16.0.7\/site-antigo\/?p=2819"},"modified":"2024-10-08T09:10:57","modified_gmt":"2024-10-08T12:10:57","slug":"polo-uab-comemora-formacao-de-mais-um-curso","status":"publish","type":"post","link":"http:\/\/www.apucarana.pr.gov.br\/site\/polo-uab-comemora-formacao-de-mais-um-curso\/","title":{"rendered":"Polo UAB comemora forma\u00e7\u00e3o de mais um curso"},"content":{"rendered":"<p><h2><span style=\"color: rgb(51, 51, 51); font-family: Arial, Helvetica, Verdana, Tahoma, sans-serif; font-size: 15px; letter-spacing: -0.02em; line-height: 1.45em; background-color: initial;\">Aconteceu no \u00faltimo dia 30 de abril, no Cine Teatro F\u00eanix, cola\u00e7\u00e3o de grau da primeira turma do curso de Educa\u00e7\u00e3o F\u00edsica do Polo Presencial Apucarana da UAB. <\/p>\n<p>Segundo o professor homenageado, Fl\u00e1vio Guimar\u00e3es Kalinoski, foi um momento para comemorar.<\/p>\n<p>&ldquo;&Eacute; um conjunto de satisfa\u00e7\u00f5es. Porque, primeiro \u00e9 a comemora\u00e7\u00e3o dos 40 anos. Fizemos isso no final do ano passado, no m\u00eas de novembro. N\u00f3s comemoramos a universidade fazendo 45 anos interiorizando a forma\u00e7\u00e3o superior e interiorizamos mais, agora, com a forma\u00e7\u00e3o de 21 novos professores no polo de Apucarana&rdquo;, completa.<\/span><\/h2>\n<p>Confira os flashs desse momento clicando no link <a href=\"http:\/\/ead.uepg.br\/site\/2015\/05\/04\/solenidade-de-colacao-de-grau-do-curso-de-educacao-fisica-do-polo-de-apucarana\/\">fotos<\/a><\/p>\n<p><\/p>\n","protected":false},"excerpt":{"rendered":"<p>Evento de cola&ccedil;&atilde;o aconteceu no &uacute;ltimo dia 30 de abril, no Cine Teatro F&ecirc;nix<\/p>\n","protected":false},"author":4,"featured_media":0,"comment_status":"closed","ping_status":"closed","sticky":false,"template":"","format":"standard","meta":{"footnotes":""},"categories":[24],"tags":[],"class_list":["post-2819","post","type-post","status-publish","format-standard","hentry","category-noticias"],"acf":[],"_links":{"self":[{"href":"http:\/\/www.apucarana.pr.gov.br\/site\/wp-json\/wp\/v2\/posts\/2819","targetHints":{"allow":["GET"]}}],"collection":[{"href":"http:\/\/www.apucarana.pr.gov.br\/site\/wp-json\/wp\/v2\/posts"}],"about":[{"href":"http:\/\/www.apucarana.pr.gov.br\/site\/wp-json\/wp\/v2\/types\/post"}],"author":[{"embeddable":true,"href":"http:\/\/www.apucarana.pr.gov.br\/site\/wp-json\/wp\/v2\/users\/4"}],"replies":[{"embeddable":true,"href":"http:\/\/www.apucarana.pr.gov.br\/site\/wp-json\/wp\/v2\/comments?post=2819"}],"version-history":[{"count":1,"href":"http:\/\/www.apucarana.pr.gov.br\/site\/wp-json\/wp\/v2\/posts\/2819\/revisions"}],"predecessor-version":[{"id":104069,"href":"http:\/\/www.apucarana.pr.gov.br\/site\/wp-json\/wp\/v2\/posts\/2819\/revisions\/104069"}],"wp:attachment":[{"href":"http:\/\/www.apucarana.pr.gov.br\/site\/wp-json\/wp\/v2\/media?parent=2819"}],"wp:term":[{"taxonomy":"category","embeddable":true,"href":"http:\/\/www.apucarana.pr.gov.br\/site\/wp-json\/wp\/v2\/categories?post=2819"},{"taxonomy":"post_tag","embeddable":true,"href":"http:\/\/www.apucarana.pr.gov.br\/site\/wp-json\/wp\/v2\/tags?post=2819"}],"curies":[{"name":"wp","href":"https:\/\/api.w.org\/{rel}","templated":true}]}}