{"id":2817,"date":"2015-05-06T11:42:00","date_gmt":"2015-05-06T11:42:00","guid":{"rendered":"http:\/\/172.16.0.7\/site-antigo\/?p=2817"},"modified":"2024-10-08T09:10:56","modified_gmt":"2024-10-08T12:10:56","slug":"polos-de-vestuario-discutem-alternativas-de-crescimento","status":"publish","type":"post","link":"http:\/\/www.apucarana.pr.gov.br\/site\/polos-de-vestuario-discutem-alternativas-de-crescimento\/","title":{"rendered":"Polos de vestu\u00e1rio discutem alternativas de crescimento"},"content":{"rendered":"<p><p>Os sindicatos empresariais que integram o Conselho Setorial da Ind\u00fastria do Vestu\u00e1rio e T\u00eaxtil da Federa\u00e7\u00e3o das Ind\u00fastrias do Paran\u00e1 (FIEP) se reuniram ontem (5), em Curitiba, com prefeitos de munic\u00edpios que abrigam os mais importantes polos do setor no Paran\u00e1. O objetivo do encontro foi abrir um di\u00e1logo para o debate de iniciativas conjuntas que podem ser implantadas pelos setores p\u00fablico e privado, focando no desenvolvimento do segmento e das cidades.<\/p>\n<p>Com cerca de 6,4 mil empresas e 100 mil postos de trabalho, o segmento \u00e9 o segundo que mais emprega na ind\u00fastria do Estado, atr\u00e1s apenas do setor de produtos aliment\u00edcios. Aproximadamente 46 mil desses trabalhadores atuam em empresas instaladas em 29 munic\u00edpios, que recebem praticamente metade do montante de R$ 1,4 bilh\u00e3o pago em sal\u00e1rios anualmente.<\/p>\n<p>Para o presidente do Sistema Fiep, Edson Campagnolo, que participou da abertura do encontro, os n\u00fameros mostram a import&acirc;ncia do setor t\u00eaxtil e do vestu\u00e1rio para a economia desses munic\u00edpios e do Paran\u00e1. Segundo ele, \u00e9 fundamental garantir a manuten\u00e7\u00e3o e o crescimento da gera\u00e7\u00e3o de empregos e renda nessas e em outras cidades. &ldquo;O que estamos fazendo aqui \u00e9 buscar solu\u00e7\u00f5es que contribuam para o desenvolvimento das ind\u00fastrias do vestu\u00e1rio e dos munic\u00edpios&rdquo;, afirmou. &ldquo;Temos que ter um olhar de longo prazo, precisamos de pol\u00edticas p\u00fablicas que possam dar seguran\u00e7a aos industriais que geram empregos e renda&rdquo;, completou.<\/p>\n<p>Campagnolo disse ainda que \u00e9 essencial que, em n\u00edvel nacional, sejam encontradas solu\u00e7\u00f5es para a guerra fiscal, que muitas vezes faz com que empresas do setor transfiram suas plantas industriais, comprometendo a economia dos munic\u00edpios. &ldquo;Temos a preocupa\u00e7\u00e3o de tornar nosso ambiente de neg\u00f3cios mais favor\u00e1vel e competitivo. Defendemos uma pol\u00edtica p\u00fablica com justi\u00e7a fiscal, para que outros atrativos segurem as empresas em seus locais&rdquo;, declarou.<\/p>\n<p><b style=\"letter-spacing: -0.02em; line-height: 1.45em; background-color: initial;\">Apucarana lidera em vagas,<\/b><b style=\"letter-spacing: -0.02em; line-height: 1.45em; background-color: initial;\">mas informalidade preocupa<\/b><\/p>\n<p><span style=\"letter-spacing: -0.02em; line-height: 1.45em; background-color: initial;\">O prefeito de Apucarana, Beto Preto, que participou das discuss\u00f5es, se manifestou otimista com a iniciativa da FIEP. &ldquo;N\u00e3o s\u00f3 em rela\u00e7\u00e3o \u00e0 Apucarana, mas em todo o Paran\u00e1, \u00e9 preciso acreditar e investir cada vez mais na profissionaliza\u00e7\u00e3o para seguir avan\u00e7ando, na gera\u00e7\u00e3o de emprego e renda&rdquo;, opinou.<\/span><\/p>\n<p>Beto Preto diz que Apucarana segue l\u00edder na produ\u00e7\u00e3o de bon\u00e9s no Brasil e, com maior capacita\u00e7\u00e3o profissional, o segmento pode investir em marcas pr\u00f3prias. Ele destacou o excelente trabalho desenvolvido no APL de Bon\u00e9s por empres\u00e1rios do setor, com apoio do Sebrae. &ldquo;Com 8.424 trabalhadores empregados no setor de vestu\u00e1rio, somos l\u00edder de vagas no Paran\u00e1, mas ainda temos cerca de 22 mil trabalhadores na informalidade&rdquo;, assinalou.<\/p>\n<p>Durante o evento foram demonstrados servi\u00e7os do Sesi, Senai e parcerias com o Pronatec. Apucarana foi destacada como refer\u00eancia em parcerias com o Senai no Paran\u00e1.<\/p>\n<p>Os empres\u00e1rios Jaime Leonel (Sivale) e Ant&ocirc;nio Darienzo (Sinditextil) tamb\u00e9m participaram do evento do Sesi em Curitiba.O evento reuniu prefeitos, vice-prefeitos ou secret\u00e1rios de onze munic\u00edpios: Amp\u00e9re, Apucarana, Cianorte, Flor da Serra do Sul, Guaporema, Londrina, Maring\u00e1, Munhoz de Melo, Nova Ol\u00edmpia, Piraquara e Terra Roxa.<\/p>\n<p><b style=\"letter-spacing: -0.02em; line-height: 1.45em; background-color: initial;\">&ldquo;Paran\u00e1 pode crescer mais&rdquo;, diz empres\u00e1ria<\/b><\/p>\n<p>A empres\u00e1ria Luciana Bechara, coordenadora do Conselho Setorial da Ind\u00fastria do Vestu\u00e1rio e T\u00eaxtil da Fiep, refor\u00e7ou que o objetivo do encontro era aproximar o setor produtivo dos gestores municipais. &ldquo;N\u00e3o existe nenhuma cobran\u00e7a por parte de n\u00f3s empres\u00e1rios, mas queremos abrir um canal de di\u00e1logo&rdquo;, explicou. Para ela, o Paran\u00e1 tem potencial para alavancar ainda mais o setor t\u00eaxtil e do vestu\u00e1rio, mas para isso precisa de uni\u00e3o de esfor\u00e7os p\u00fablicos e privados. Como exemplo de que essa mobiliza\u00e7\u00e3o pode dar resultado, Luciana cita o caso da Turquia. &ldquo;H\u00e1 12 anos, a Turquia n\u00e3o representava nada no setor do vestu\u00e1rio. Era um pa\u00eds em crise, com altos impostos e altos encargos trabalhistas. Uma alian\u00e7a de governan\u00e7a entre poder p\u00fablico, empres\u00e1rios, institui\u00e7\u00f5es de ensino e entidades representativas possibilitou uma grande evolu\u00e7\u00e3o e , h\u00e1 dois anos, o pa\u00eds era o segundo maior exportador de vestu\u00e1rio do mundo, s\u00f3 atr\u00e1s da China. Isso mostra que \u00e9 poss\u00edvel&rdquo;, afirmou.<\/p>\n<p><b style=\"letter-spacing: -0.02em; line-height: 1.45em; background-color: initial;\">Confira n\u00fameros dos 4 principais<\/b><b style=\"letter-spacing: -0.02em; line-height: 1.45em; background-color: initial;\">polos de vestu\u00e1rio do Paran\u00e1:<\/b><\/p>\n<p><u>N\u00famero de trabalhadores<\/u><\/p>\n<p>Cianorte &ndash; 6.425<\/p>\n<p>Apucarana &ndash; 8.424<\/p>\n<p>Londrina &ndash; 7.252<\/p>\n<p>Maring\u00e1 &ndash; 6.828<\/p>\n<p><u>Renda anual<\/u><\/p>\n<p>Cianorte &ndash; R$ 117.657.477,60<\/p>\n<p>Apucarana &ndash; R$ 116.867.844,60<\/p>\n<p>Londrina &ndash; R$ 113.030.529,43<\/p>\n<p>Maring\u00e1 &ndash; R$ 112.767.234,84<\/p>\n<\/p>\n<p><\/p>\n","protected":false},"excerpt":{"rendered":"<p>FIEP promoveu evento com empres&aacute;rios e prefeitos, visando busca de solu&ccedil;&otilde;es para alavancar o segmento<\/p>\n","protected":false},"author":4,"featured_media":0,"comment_status":"closed","ping_status":"closed","sticky":false,"template":"","format":"standard","meta":{"footnotes":""},"categories":[24],"tags":[],"class_list":["post-2817","post","type-post","status-publish","format-standard","hentry","category-noticias"],"acf":[],"_links":{"self":[{"href":"http:\/\/www.apucarana.pr.gov.br\/site\/wp-json\/wp\/v2\/posts\/2817","targetHints":{"allow":["GET"]}}],"collection":[{"href":"http:\/\/www.apucarana.pr.gov.br\/site\/wp-json\/wp\/v2\/posts"}],"about":[{"href":"http:\/\/www.apucarana.pr.gov.br\/site\/wp-json\/wp\/v2\/types\/post"}],"author":[{"embeddable":true,"href":"http:\/\/www.apucarana.pr.gov.br\/site\/wp-json\/wp\/v2\/users\/4"}],"replies":[{"embeddable":true,"href":"http:\/\/www.apucarana.pr.gov.br\/site\/wp-json\/wp\/v2\/comments?post=2817"}],"version-history":[{"count":1,"href":"http:\/\/www.apucarana.pr.gov.br\/site\/wp-json\/wp\/v2\/posts\/2817\/revisions"}],"predecessor-version":[{"id":104062,"href":"http:\/\/www.apucarana.pr.gov.br\/site\/wp-json\/wp\/v2\/posts\/2817\/revisions\/104062"}],"wp:attachment":[{"href":"http:\/\/www.apucarana.pr.gov.br\/site\/wp-json\/wp\/v2\/media?parent=2817"}],"wp:term":[{"taxonomy":"category","embeddable":true,"href":"http:\/\/www.apucarana.pr.gov.br\/site\/wp-json\/wp\/v2\/categories?post=2817"},{"taxonomy":"post_tag","embeddable":true,"href":"http:\/\/www.apucarana.pr.gov.br\/site\/wp-json\/wp\/v2\/tags?post=2817"}],"curies":[{"name":"wp","href":"https:\/\/api.w.org\/{rel}","templated":true}]}}