{"id":2816,"date":"2015-05-06T10:57:00","date_gmt":"2015-05-06T10:57:00","guid":{"rendered":"http:\/\/172.16.0.7\/site-antigo\/?p=2816"},"modified":"2024-10-08T09:10:56","modified_gmt":"2024-10-08T12:10:56","slug":"prefeito-assina-hoje-ordem-de-servico-para-o-recape-no-marcos-freire","status":"publish","type":"post","link":"http:\/\/www.apucarana.pr.gov.br\/site\/prefeito-assina-hoje-ordem-de-servico-para-o-recape-no-marcos-freire\/","title":{"rendered":"Prefeito assina hoje ordem de servi\u00e7o para o recape no Marcos Freire"},"content":{"rendered":"<p><p><span style=\"letter-spacing: -0.02em; line-height: 1.45em; background-color: initial;\">Aplicando recursos pr\u00f3prios, o Munic\u00edpio vai recapear todas as ruas do N\u00facleo Habitacional Marcos Freire. A ordem de servi\u00e7o, no valor de R$ 266 mil, ser\u00e1 assinada na noite desta quarta-feira (06\/05) pelo prefeito de Apucarana, Beto Preto. A solenidade vai acontecer no bairro e est\u00e1 marcada para as 19 horas.<\/span><\/p>\n<p>De acordo com o prefeito, oper\u00e1rios j\u00e1 est\u00e3o providenciando a limpeza das ruas e as obras ter\u00e3o in\u00edcio imediato. As melhorias chegar\u00e3o as 11 ruas do n\u00facleo habitacional, totalizando 16.300 metros quadrados de \u00e1rea que ser\u00e3o recapeados com CBUQ (Concreto Betuminoso Usinado a Quente). O servi\u00e7o ser\u00e1 executado pela Tapalan Constru\u00e7\u00f5es e Empreendimentos Ltda, empresa que venceu o processo licitat\u00f3rio.<\/p>\n<p>Os servi\u00e7os compreendem limpeza e lavagem da pista, tapa-buraco e a aplica\u00e7\u00e3o de uma capa de CBUQ com dois cent\u00edmetros de espessura. &ldquo;As ruas do bairro est\u00e3o em prec\u00e1rias condi\u00e7\u00f5es. Agrade\u00e7o a compreens\u00e3o dos moradores, que esperaram por longo tempo pela conquista. &Eacute; mais uma melhoria que estamos conseguindo levar a essa regi\u00e3o da cidade&rdquo;, afirma Beto Preto.<\/p>\n<p>RUAS BENEFICIADAS COM O RECAPE<\/p>\n<p>&#8211; Rua Fernando Pereira<\/p>\n<p>&#8211; Rua Jos\u00e9 Ciapina<\/p>\n<p>&#8211; Rua Edmundo de Fauw<\/p>\n<p>&#8211; Rua Pato Branco<\/p>\n<p>&#8211; Rua Carlos Caramori<\/p>\n<p>&#8211; Rua Ibat\u00e9<\/p>\n<p>&#8211; Rua Alzemiro Bassi<\/p>\n<p>&#8211; Rua Benedito Ribeiro Valim<\/p>\n<p>&#8211; Rua Sime\u00e3o Carranza<\/p>\n<p>&#8211; Rua Luiz Matiuzzi<\/p>\n<p>&#8211; Rua Franscisco Mesquita Gomes<\/p>\n<p><\/p>\n","protected":false},"excerpt":{"rendered":"<p>As melhorias chegar&atilde;o as 11 ruas do n&uacute;cleo habitacional, totalizando 16.300 metros quadrados de &aacute;rea<\/p>\n","protected":false},"author":4,"featured_media":0,"comment_status":"closed","ping_status":"closed","sticky":false,"template":"","format":"standard","meta":{"footnotes":""},"categories":[24],"tags":[],"class_list":["post-2816","post","type-post","status-publish","format-standard","hentry","category-noticias"],"acf":[],"_links":{"self":[{"href":"http:\/\/www.apucarana.pr.gov.br\/site\/wp-json\/wp\/v2\/posts\/2816","targetHints":{"allow":["GET"]}}],"collection":[{"href":"http:\/\/www.apucarana.pr.gov.br\/site\/wp-json\/wp\/v2\/posts"}],"about":[{"href":"http:\/\/www.apucarana.pr.gov.br\/site\/wp-json\/wp\/v2\/types\/post"}],"author":[{"embeddable":true,"href":"http:\/\/www.apucarana.pr.gov.br\/site\/wp-json\/wp\/v2\/users\/4"}],"replies":[{"embeddable":true,"href":"http:\/\/www.apucarana.pr.gov.br\/site\/wp-json\/wp\/v2\/comments?post=2816"}],"version-history":[{"count":1,"href":"http:\/\/www.apucarana.pr.gov.br\/site\/wp-json\/wp\/v2\/posts\/2816\/revisions"}],"predecessor-version":[{"id":104063,"href":"http:\/\/www.apucarana.pr.gov.br\/site\/wp-json\/wp\/v2\/posts\/2816\/revisions\/104063"}],"wp:attachment":[{"href":"http:\/\/www.apucarana.pr.gov.br\/site\/wp-json\/wp\/v2\/media?parent=2816"}],"wp:term":[{"taxonomy":"category","embeddable":true,"href":"http:\/\/www.apucarana.pr.gov.br\/site\/wp-json\/wp\/v2\/categories?post=2816"},{"taxonomy":"post_tag","embeddable":true,"href":"http:\/\/www.apucarana.pr.gov.br\/site\/wp-json\/wp\/v2\/tags?post=2816"}],"curies":[{"name":"wp","href":"https:\/\/api.w.org\/{rel}","templated":true}]}}