{"id":2815,"date":"2015-05-05T17:26:59","date_gmt":"2015-05-05T17:26:59","guid":{"rendered":"http:\/\/172.16.0.7\/site-antigo\/?p=2815"},"modified":"2024-10-08T09:10:57","modified_gmt":"2024-10-08T12:10:57","slug":"apucarana-abre-inscricoes-para-o-conselho-tutelar","status":"publish","type":"post","link":"http:\/\/www.apucarana.pr.gov.br\/site\/apucarana-abre-inscricoes-para-o-conselho-tutelar\/","title":{"rendered":"Apucarana abre inscri\u00e7\u00f5es para o Conselho Tutelar"},"content":{"rendered":"<p><p><span style=\"letter-spacing: -0.02em; line-height: 1.45em; background-color: initial;\">O Conselho Municipal dos Direitos da Crian\u00e7a e do Adolescente de Apucarana (CMDCA) comunica que j\u00e1 est\u00e1 aberto o per\u00edodo de inscri\u00e7\u00f5es para interessados em se habilitar a uma vaga de conselheiro tutelar. A pessoa deve comparecer at\u00e9 o dia 3 de junho, de segunda a sexta-feira, das 8 \u00e0s 16h30, no Centro Social Urbano do Parque Bela Vista. Os novos membros, sendo cinco titulares (os mais votados) e cinco suplentes, ser\u00e3o escolhidos no dia 04 de outubro, em pleito a ser realizado no Polo Presencial da UAB.<br \/><\/span><span style=\"letter-spacing: -0.02em; line-height: 1.45em; background-color: initial;\"><br \/>Todo apucaranense com t\u00edtulo de eleitor poder\u00e1 exercer o direito de voto. &ldquo;Fa\u00e7o um chamado especial a todos aqueles que querem dar sua parcela direta de contribui\u00e7\u00e3o neste setor. O momento \u00e9 agora, participem deste processo. Hoje o Conselho Tutelar, com apoio da administra\u00e7\u00e3o municipal, oferece todas as condi\u00e7\u00f5es de trabalho ao conselheiro tutelar, sede pr\u00f3pria para a entidade, ve\u00edculos, motoristas, equipamentos. Venha caminhar conosco no cumprimento do Estatuto da Crian\u00e7a e do Adolescente (ECA)&rdquo;, convida Caio Salinet, presidente do CMDCA.<br \/><\/span><span style=\"letter-spacing: -0.02em; line-height: 1.45em; background-color: initial;\"><br \/>A legisla\u00e7\u00e3o das elei\u00e7\u00f5es, que \u00e9 unificada em todo o Brasil, apresenta alguns requisitos b\u00e1sicos para tornar um candidato apto a disputar a elei\u00e7\u00e3o de conselheiro tutelar, entre eles reconhecida idoneidade moral, idade igual ou superior a 21 anos e residir no munic\u00edpio. Contudo, at\u00e9 a pessoa estar apta a ter o nome na disputa por votos, ela vai precisar passar por outras avalia\u00e7\u00f5es. &ldquo;Ap\u00f3s a inscri\u00e7\u00e3o, cujo edital prev\u00ea a entrega de uma s\u00e9rie de documentos, a comiss\u00e3o ir\u00e1 proceder toda a an\u00e1lise do candidato, estabelecendo a compatibilidade com os requisitos para a fun\u00e7\u00e3o. Na sequ\u00eancia, os aprovados v\u00e3o passar ainda por prova escrita de conhecimentos espec\u00edficos e reda\u00e7\u00e3o, que vai ser realizada dia 19 de julho no Polo da UAB&rdquo;, explica Salinet.<br \/><\/span><span style=\"letter-spacing: -0.02em; line-height: 1.45em; background-color: initial;\"><br \/>Ele orienta estudo desde j\u00e1. &ldquo;No pleito que tivemos em 2013 muitos candidatos foram para a prova escrita sem o devido estudo da legisla\u00e7\u00e3o que permeia a fun\u00e7\u00e3o, e por isto n\u00e3o lograram sucesso. A mat\u00e9ria \u00e9 bastante extensa e orientamos que os que se inscreverem j\u00e1 iniciem o preparo necess\u00e1rio. O conte\u00fado que ser\u00e1 exigido est\u00e1 no edital, dispon\u00edvel no site do CMDCA&rdquo;, relata o presidente do conselho.<br \/><\/span><span style=\"letter-spacing: -0.02em; line-height: 1.45em; background-color: initial;\"><br \/>Os que obtiverem \u00eaxito nas provas escritas poder\u00e3o ent\u00e3o fazer campanha junto \u00e0 sociedade visando a elei\u00e7\u00e3o de outubro. &ldquo;O mandato ser\u00e1 de quatro anos (2016 &ndash; 2019) e os titulares v\u00e3o exercer atividades em regime de dedica\u00e7\u00e3o exclusiva, fazendo jus ao recebimento mensal de R$2.250,00&rdquo;, finaliza Caio Salient, presidente do CMDCA.<br \/><\/span><span style=\"letter-spacing: -0.02em; line-height: 1.45em; background-color: initial;\"><br \/>Antes de assumirem suas fun\u00e7\u00f5es, em janeiro de 2016, os eleitos (titulares e suplentes) v\u00e3o passar por capacita\u00e7\u00e3o. O site oficial do conselho \u00e9 o <\/span><a href=\"http:\/\/www.cmdcaapucarana.info.\" style=\"letter-spacing: -0.02em; line-height: 1.45em; background-color: initial;\">http:\/\/www.cmdcaapucarana.info.<\/a><\/p><\/p>\n","protected":false},"excerpt":{"rendered":"<p>A pessoa deve comparecer at&eacute; o dia 3 de junho, de segunda a sexta-feira, das 8 &agrave;s 16h30, no Centro Social Urbano do Parque Bela Vista<\/p>\n","protected":false},"author":4,"featured_media":0,"comment_status":"closed","ping_status":"closed","sticky":false,"template":"","format":"standard","meta":{"footnotes":""},"categories":[24],"tags":[],"class_list":["post-2815","post","type-post","status-publish","format-standard","hentry","category-noticias"],"acf":[],"_links":{"self":[{"href":"http:\/\/www.apucarana.pr.gov.br\/site\/wp-json\/wp\/v2\/posts\/2815","targetHints":{"allow":["GET"]}}],"collection":[{"href":"http:\/\/www.apucarana.pr.gov.br\/site\/wp-json\/wp\/v2\/posts"}],"about":[{"href":"http:\/\/www.apucarana.pr.gov.br\/site\/wp-json\/wp\/v2\/types\/post"}],"author":[{"embeddable":true,"href":"http:\/\/www.apucarana.pr.gov.br\/site\/wp-json\/wp\/v2\/users\/4"}],"replies":[{"embeddable":true,"href":"http:\/\/www.apucarana.pr.gov.br\/site\/wp-json\/wp\/v2\/comments?post=2815"}],"version-history":[{"count":1,"href":"http:\/\/www.apucarana.pr.gov.br\/site\/wp-json\/wp\/v2\/posts\/2815\/revisions"}],"predecessor-version":[{"id":104064,"href":"http:\/\/www.apucarana.pr.gov.br\/site\/wp-json\/wp\/v2\/posts\/2815\/revisions\/104064"}],"wp:attachment":[{"href":"http:\/\/www.apucarana.pr.gov.br\/site\/wp-json\/wp\/v2\/media?parent=2815"}],"wp:term":[{"taxonomy":"category","embeddable":true,"href":"http:\/\/www.apucarana.pr.gov.br\/site\/wp-json\/wp\/v2\/categories?post=2815"},{"taxonomy":"post_tag","embeddable":true,"href":"http:\/\/www.apucarana.pr.gov.br\/site\/wp-json\/wp\/v2\/tags?post=2815"}],"curies":[{"name":"wp","href":"https:\/\/api.w.org\/{rel}","templated":true}]}}