{"id":2814,"date":"2015-05-05T15:49:00","date_gmt":"2015-05-05T15:49:00","guid":{"rendered":"http:\/\/172.16.0.7\/site-antigo\/?p=2814"},"modified":"2024-10-08T09:10:57","modified_gmt":"2024-10-08T12:10:57","slug":"tres-mil-se-imunizam-no-primeiro-dia","status":"publish","type":"post","link":"http:\/\/www.apucarana.pr.gov.br\/site\/tres-mil-se-imunizam-no-primeiro-dia\/","title":{"rendered":"Tr\u00eas mil se imunizam no primeiro dia"},"content":{"rendered":"<p><p><span style=\"letter-spacing: -0.02em; line-height: 1.45em; background-color: initial;\">Mais de 3 mil pessoas foram imunizadas em Apucarana no primeiro dia da Campanha de Vacina\u00e7\u00e3o Contra a Gripe. Segundo levantamento da Autarquia Municipal de Sa\u00fade (AMS), a maior procura ficou por conta dos idosos, seguido de crian\u00e7as e gestantes. Os profissionais de sa\u00fade tamb\u00e9m formaram uma parcela significativa da popula\u00e7\u00e3o que buscou se precaver j\u00e1 nesta segunda-feira.<\/span><\/p>\n<p>A vacina est\u00e1 dispon\u00edvel para o p\u00fablico alvo da campanha em todas as unidades B\u00e1sicas de Sa\u00fade da cidade, entre 8 horas e 16h30. A vacina\u00e7\u00e3o, que segue em todo territ\u00f3rio nacional at\u00e9 o dia 22 de maio, tem como meta imunizar 34.971 pessoas em Apucarana. &ldquo;A popula\u00e7\u00e3o a tomar a dose o quando antes, pois a imunidade ocorre 15 dias ap\u00f3s a vacina\u00e7\u00e3o&rdquo;, orienta o coordenador do departamento de epidemiologia, Luciano Pereira da Silva.<\/p>\n<p>No pr\u00f3ximo s\u00e1bado, &ldquo;Dia D&rdquo; da campanha, a dose da vacina vai estar dispon\u00edvel em todas as unidades b\u00e1sicas de sa\u00fade, independentemente de terem ou n\u00e3o salas de vacina, entre 8 e 17 horas. O ato oficial de lan\u00e7amento da campanha neste ano ser\u00e1 realizado, \u00e0s 8 horas, no posto de sa\u00fade Pedro Barreto, no distrito da Vila Reis com a presen\u00e7a do prefeito Beto Preto e do secret\u00e1rio de Sa\u00fade, Roberto Kaneta.<\/p>\n<p>Al\u00e9m de pessoas com 60 anos ou mais, ser\u00e3o vacinados os trabalhadores de sa\u00fade da rede p\u00fablica e privada, crian\u00e7as na faixa et\u00e1ria de 6 meses a menores de 5 anos de idade (4 anos, 11 meses e 29 dias), as gestantes em qualquer est\u00e1gio, as pu\u00e9rperas (at\u00e9 45 dias ap\u00f3s o parto), os povos ind\u00edgenas, &ldquo;e os grupos portadores de doen\u00e7as cr&ocirc;nicas n\u00e3o transmiss\u00edveis e outras condi\u00e7\u00f5es cl\u00ednicas especiais, os quais devem apresentar uma prescri\u00e7\u00e3o m\u00e9dica na hora da vacina\u00e7\u00e3o. A popula\u00e7\u00e3o carcer\u00e1ria e os agentes tamb\u00e9m ser\u00e3o imunizados. O trabalho deve acontecer na pr\u00f3xima semana, atendendo a 334 pessoas, entre presos e agentes carcer\u00e1rios.<\/p>\n<p>A vacina protege contra os tr\u00eas subtipos do v\u00edrus da gripe que mais circularam no inverno do ano passado &#8211; H1N1, H3N2 e influenza B -, conforme recomenda\u00e7\u00e3o da Organiza\u00e7\u00e3o Mundial da Sa\u00fade (OMS). Agripediminui a resist\u00eancia do organismo a outrasinfec\u00e7\u00f5es, facilitando a instala\u00e7\u00e3o de bact\u00e9rias que causam pneumonias,otites, sinusites, amigdalites e outras doen\u00e7as. Mais informa\u00e7\u00f5es sobre a campanha contra a gripe no munic\u00edpio podem ser obtidas pelo telefone 3422-5888.<\/p>\n<p><\/p>\n","protected":false},"excerpt":{"rendered":"<p>Meta em Apucarana &eacute; vacinar 34.917 pessoas at&eacute; o pr&oacute;ximo dia 22 <\/p>\n","protected":false},"author":4,"featured_media":0,"comment_status":"closed","ping_status":"closed","sticky":false,"template":"","format":"standard","meta":{"footnotes":""},"categories":[24],"tags":[],"class_list":["post-2814","post","type-post","status-publish","format-standard","hentry","category-noticias"],"acf":[],"_links":{"self":[{"href":"http:\/\/www.apucarana.pr.gov.br\/site\/wp-json\/wp\/v2\/posts\/2814","targetHints":{"allow":["GET"]}}],"collection":[{"href":"http:\/\/www.apucarana.pr.gov.br\/site\/wp-json\/wp\/v2\/posts"}],"about":[{"href":"http:\/\/www.apucarana.pr.gov.br\/site\/wp-json\/wp\/v2\/types\/post"}],"author":[{"embeddable":true,"href":"http:\/\/www.apucarana.pr.gov.br\/site\/wp-json\/wp\/v2\/users\/4"}],"replies":[{"embeddable":true,"href":"http:\/\/www.apucarana.pr.gov.br\/site\/wp-json\/wp\/v2\/comments?post=2814"}],"version-history":[{"count":1,"href":"http:\/\/www.apucarana.pr.gov.br\/site\/wp-json\/wp\/v2\/posts\/2814\/revisions"}],"predecessor-version":[{"id":104065,"href":"http:\/\/www.apucarana.pr.gov.br\/site\/wp-json\/wp\/v2\/posts\/2814\/revisions\/104065"}],"wp:attachment":[{"href":"http:\/\/www.apucarana.pr.gov.br\/site\/wp-json\/wp\/v2\/media?parent=2814"}],"wp:term":[{"taxonomy":"category","embeddable":true,"href":"http:\/\/www.apucarana.pr.gov.br\/site\/wp-json\/wp\/v2\/categories?post=2814"},{"taxonomy":"post_tag","embeddable":true,"href":"http:\/\/www.apucarana.pr.gov.br\/site\/wp-json\/wp\/v2\/tags?post=2814"}],"curies":[{"name":"wp","href":"https:\/\/api.w.org\/{rel}","templated":true}]}}