{"id":2813,"date":"2015-05-05T12:56:59","date_gmt":"2015-05-05T12:56:59","guid":{"rendered":"http:\/\/172.16.0.7\/site-antigo\/?p=2813"},"modified":"2024-10-08T09:10:57","modified_gmt":"2024-10-08T12:10:57","slug":"prefeitura-faz-a-limpeza-em-fundo-de-vale-que-sofre-com-despejo-irregular-de-residuos","status":"publish","type":"post","link":"http:\/\/www.apucarana.pr.gov.br\/site\/prefeitura-faz-a-limpeza-em-fundo-de-vale-que-sofre-com-despejo-irregular-de-residuos\/","title":{"rendered":"Prefeitura faz a limpeza em fundo de vale que sofre com despejo irregular de res\u00edduos"},"content":{"rendered":"<p><p><span style=\"letter-spacing: -0.02em; line-height: 1.45em; background-color: initial;\">Atendendo pedido da Associa\u00e7\u00e3o de Moradores do Jardim Guaruj\u00e1, a Secretaria Municipal de Servi\u00e7os P\u00fablicos promoveu nesta ter\u00e7a-feira (05\/05) a limpeza de um ponto de descarte irregular de res\u00edduos existente no bairro. Foram retirados cerca de 30 caminh\u00f5es de lixo, jogados junto \u00e0 mata ciliar de um fundo de vale, localizado no final da Rua Jos\u00e9 Alfredo de Souza, na liga\u00e7\u00e3o com a Vila Nova (pr\u00f3ximo da Piscina Vale D&acute;&Aacute;gua).<br \/><\/span><span style=\"letter-spacing: -0.02em; line-height: 1.45em; background-color: initial;\"><br \/>Alvino Lamounier, presidente da Associa\u00e7\u00e3o de Moradores, conta que a situa\u00e7\u00e3o j\u00e1 perdura por cerca de 8 anos. &ldquo;&Eacute; sempre a mesma coisa. A Prefeitura vem aqui, faz a limpeza e as pessoas continuam jogando lixo. Fico muito triste e at\u00e9 evito passar por essa rua. Temos que cuidar da nossa cidade e a natureza n\u00e3o merece isso&rdquo;, desabafa.<br \/><\/span><span style=\"letter-spacing: -0.02em; line-height: 1.45em; background-color: initial;\"><br \/>De acordo com Lamounier, os res\u00edduos s\u00e3o jogados pela pr\u00f3pria popula\u00e7\u00e3o e o ac\u00famulo de lixo, que cont\u00e9m restos de alimentos e animais mortos, gera mau cheiro. &ldquo;Eu sempre pe\u00e7o para as pessoas das redondezas n\u00e3o joguem, mas pouco adianta pois vem gente em hor\u00e1rios que fica dif\u00edcil fiscalizar. Aqui tem lixo de todos os tipos, desde garrafas, baldes, sof\u00e1s, arm\u00e1rios, televis\u00e3o e restos de comida at\u00e9 cachorro morto&rdquo;, cita.<br \/><\/span><span style=\"letter-spacing: -0.02em; line-height: 1.45em; background-color: initial;\"><br \/>Al\u00e9m da preocupa\u00e7\u00e3o ambiental, o presidente da associa\u00e7\u00e3o de moradores alerta para os riscos \u00e0 sa\u00fade. &ldquo;J\u00e1 n\u00e3o vencemos mais matar os ratos que chegam nas nossas casas por causa do ac\u00famulo de lixo, sem falar na \u00e1gua que fica parada e que facilita a prolifera\u00e7\u00e3o do mosquito da dengue&rdquo;, salienta.<br \/><\/span><span style=\"letter-spacing: -0.02em; line-height: 1.45em; background-color: initial;\"><br \/>O secret\u00e1rio municipal de Meio Ambiente, Ewerton Pires, esteve no local e pediu para que a popula\u00e7\u00e3o denuncie os autores dos despejos irregulares. &ldquo;Como n\u00e3o foram identificados os autores, a Prefeitura veio mais uma vez e fez a limpeza. Aqui passa um c\u00f3rrego, existe uma mata ciliar bem formada, sendo uma &Aacute;rea de Preserva\u00e7\u00e3o Permanente&rdquo;, descreve, lembrando que Apucarana conta com locais licenciados para o descarte de todo o tipo de res\u00edduos.<br \/><\/span><span style=\"letter-spacing: -0.02em; line-height: 1.45em; background-color: initial;\"><br \/>Ewerton afirma que o descarte irregular \u00e9 um crime ambiental e solicita a colabora\u00e7\u00e3o da popula\u00e7\u00e3o, atrav\u00e9s de den\u00fancias, no trabalho de fiscaliza\u00e7\u00e3o. &ldquo;Vamos providenciar placas para colocar no local, alertando que \u00e9 proibido o descarte de res\u00edduos e tamb\u00e9m orientando como fazer a den\u00fancia&rdquo;, observa.<br \/><\/span><span style=\"letter-spacing: -0.02em; line-height: 1.45em; background-color: initial;\"><br \/>Segundo o secret\u00e1rio, o Munic\u00edpio conta agora com o servi\u00e7o de Disque Den\u00fancia Ambiental 24 horas, que funciona pelo telefone 8819-4440. &ldquo;A den\u00fancia pode ser an&ocirc;nima, mas a orienta\u00e7\u00e3o \u00e9 que tenha o m\u00e1ximo de informa\u00e7\u00f5es, como o tipo de irregularidade ambiental, a localiza\u00e7\u00e3o exata e, se poss\u00edvel, foto ou v\u00eddeo da a\u00e7\u00e3o e o n\u00famero da placa do ve\u00edculo que foi utilizado no descarte dos materiais&rdquo;, completa.<\/span><\/p><\/p>\n","protected":false},"excerpt":{"rendered":"<p>Os res&iacute;duos s&atilde;o jogados pela pr&oacute;pria popula&ccedil;&atilde;o e o ac&uacute;mulo de lixo, que cont&eacute;m restos de alimentos e animais mortos, gera mau cheiro<\/p>\n","protected":false},"author":4,"featured_media":0,"comment_status":"closed","ping_status":"closed","sticky":false,"template":"","format":"standard","meta":{"footnotes":""},"categories":[24],"tags":[],"class_list":["post-2813","post","type-post","status-publish","format-standard","hentry","category-noticias"],"acf":[],"_links":{"self":[{"href":"http:\/\/www.apucarana.pr.gov.br\/site\/wp-json\/wp\/v2\/posts\/2813","targetHints":{"allow":["GET"]}}],"collection":[{"href":"http:\/\/www.apucarana.pr.gov.br\/site\/wp-json\/wp\/v2\/posts"}],"about":[{"href":"http:\/\/www.apucarana.pr.gov.br\/site\/wp-json\/wp\/v2\/types\/post"}],"author":[{"embeddable":true,"href":"http:\/\/www.apucarana.pr.gov.br\/site\/wp-json\/wp\/v2\/users\/4"}],"replies":[{"embeddable":true,"href":"http:\/\/www.apucarana.pr.gov.br\/site\/wp-json\/wp\/v2\/comments?post=2813"}],"version-history":[{"count":1,"href":"http:\/\/www.apucarana.pr.gov.br\/site\/wp-json\/wp\/v2\/posts\/2813\/revisions"}],"predecessor-version":[{"id":104066,"href":"http:\/\/www.apucarana.pr.gov.br\/site\/wp-json\/wp\/v2\/posts\/2813\/revisions\/104066"}],"wp:attachment":[{"href":"http:\/\/www.apucarana.pr.gov.br\/site\/wp-json\/wp\/v2\/media?parent=2813"}],"wp:term":[{"taxonomy":"category","embeddable":true,"href":"http:\/\/www.apucarana.pr.gov.br\/site\/wp-json\/wp\/v2\/categories?post=2813"},{"taxonomy":"post_tag","embeddable":true,"href":"http:\/\/www.apucarana.pr.gov.br\/site\/wp-json\/wp\/v2\/tags?post=2813"}],"curies":[{"name":"wp","href":"https:\/\/api.w.org\/{rel}","templated":true}]}}