{"id":2812,"date":"2015-05-04T18:09:00","date_gmt":"2015-05-04T18:09:00","guid":{"rendered":"http:\/\/172.16.0.7\/site-antigo\/?p=2812"},"modified":"2024-10-08T09:10:57","modified_gmt":"2024-10-08T12:10:57","slug":"apucarana-negocia-rs-6-mi-para-recape-asfaltico","status":"publish","type":"post","link":"http:\/\/www.apucarana.pr.gov.br\/site\/apucarana-negocia-rs-6-mi-para-recape-asfaltico\/","title":{"rendered":"Apucarana negocia R$ 6 Mi para recape asf\u00e1ltico"},"content":{"rendered":"<p><p><span style=\"letter-spacing: -0.02em; line-height: 1.45em; background-color: initial;\">J\u00e1 tramita na C&acirc;mara Municipal de Apucarana projeto de lei que prev\u00ea autoriza\u00e7\u00e3o legislativa para que o Munic\u00edpio celebre contrato com o Governo do Estado, via Secretaria do Desenvolvimento Urbano (Sedu), no valor de aproximadamente R$ 6 milh\u00f5es. &ldquo;Estamos reivindicando os recursos, por meio do Programa Paran\u00e1 Urbano, para custear um abrangente trabalho de recape em avenidas e ruas perimetrais ou de interliga\u00e7\u00e3o de bairros, sendo que a maioria deles s\u00e3o utilizadas no itiner\u00e1rio do transporte coletivo urbano&rdquo;, informa o prefeito Beto Preto.<\/span><\/p>\n<p><b><\/b><\/p>\n<p>Conforme argumenta o prefeito, s\u00e3o importante vias da cidade que est\u00e3o com sua malha asfaltica bastante desgastada. &ldquo;Nelas j\u00e1 foram feitos diversos tapa-buracos, mas est\u00e3o num est\u00e1gio que o mais indicado \u00e9 mesmo um recape completo, garantindo melhores condi\u00e7\u00f5es de seguran\u00e7a e comodidade no tr\u00e1fego&rdquo;, avalia.<\/p>\n<p>A lei autorizativa j\u00e1 foi discutida e votada pelos vereadores e, a partir de agora, de posse do aval do Legislativo, a Secretaria de Obras ir\u00e1 preparar os projetos que ser\u00e3o encaminhados \u00e0 Sedu.<\/p>\n<p>O secret\u00e1rio de obras, engenheiro Herivelto Moreno, revela que nos projetos est\u00e3o inclusas a Rua Coronel Jos\u00e9 Luiz dos Santos, que liga o bairro 28 de Janeiro ao centro; e a Rua Ouro Branco, que vai do Col\u00e9gio Plat\u00e3o at\u00e9 o centro da cidade.<\/p>\n<p>As obras de recape tamb\u00e9m devem contemplar um trecho da Clot\u00e1rio Portugal, Nagib Daher, Os\u00f3rio Ribas de Paula, Nova Ucr&acirc;nia, ruas Natividade e S\u00e3o Carlos (Vila Apucaraninha), trecho da Rua Bygton (entre Avia\u00e7\u00e3o e S\u00e3o Salvador) e trecho da Avenida Avia\u00e7\u00e3o(entre o Castelo Branco e a Afap).<\/p>\n<p>&ldquo;A proposta do prefeito Beto Preto prev\u00ea um recape de \u00f3tima qualidade, cobrindo uma extens\u00e3o de 150 quadras, ou cerca de 15 quil&ocirc;metros&rdquo;, revela o engenheiro Herivelto Moreno, acrescentando que os projetos e planilhas, contendo os or\u00e7amentos das obras, seguem nos pr\u00f3ximos dias para a Secretaria de Estado do Desenvolvimento Urbano.<\/p>\n<p>Pelo Programa Paran\u00e1 Urbano, o Munic\u00edpio deve dar uma contrapartida de 10% (algo em torno de R$ 600 mil) e ter\u00e1 quatro anos de car\u00eancia e mais oito anos para pagar o valor do investimento. &ldquo;Estamos com entendimentos bastante adiantados com o secret\u00e1rio Ratinho Junior e estamos otimistas em rela\u00e7\u00e3o \u00e0 libera\u00e7\u00e3o do contrato&rdquo;, conclui o prefeito Beto Preto.<\/p>\n<p><\/p>\n","protected":false},"excerpt":{"rendered":"<p>Obras abrangem 15 mil metros lineares, contemplando vias perimetrais e de interliga&ccedil;&atilde;o de bairros<\/p>\n","protected":false},"author":4,"featured_media":0,"comment_status":"closed","ping_status":"closed","sticky":false,"template":"","format":"standard","meta":{"footnotes":""},"categories":[24],"tags":[],"class_list":["post-2812","post","type-post","status-publish","format-standard","hentry","category-noticias"],"acf":[],"_links":{"self":[{"href":"http:\/\/www.apucarana.pr.gov.br\/site\/wp-json\/wp\/v2\/posts\/2812","targetHints":{"allow":["GET"]}}],"collection":[{"href":"http:\/\/www.apucarana.pr.gov.br\/site\/wp-json\/wp\/v2\/posts"}],"about":[{"href":"http:\/\/www.apucarana.pr.gov.br\/site\/wp-json\/wp\/v2\/types\/post"}],"author":[{"embeddable":true,"href":"http:\/\/www.apucarana.pr.gov.br\/site\/wp-json\/wp\/v2\/users\/4"}],"replies":[{"embeddable":true,"href":"http:\/\/www.apucarana.pr.gov.br\/site\/wp-json\/wp\/v2\/comments?post=2812"}],"version-history":[{"count":1,"href":"http:\/\/www.apucarana.pr.gov.br\/site\/wp-json\/wp\/v2\/posts\/2812\/revisions"}],"predecessor-version":[{"id":104067,"href":"http:\/\/www.apucarana.pr.gov.br\/site\/wp-json\/wp\/v2\/posts\/2812\/revisions\/104067"}],"wp:attachment":[{"href":"http:\/\/www.apucarana.pr.gov.br\/site\/wp-json\/wp\/v2\/media?parent=2812"}],"wp:term":[{"taxonomy":"category","embeddable":true,"href":"http:\/\/www.apucarana.pr.gov.br\/site\/wp-json\/wp\/v2\/categories?post=2812"},{"taxonomy":"post_tag","embeddable":true,"href":"http:\/\/www.apucarana.pr.gov.br\/site\/wp-json\/wp\/v2\/tags?post=2812"}],"curies":[{"name":"wp","href":"https:\/\/api.w.org\/{rel}","templated":true}]}}