{"id":2811,"date":"2015-05-04T11:37:00","date_gmt":"2015-05-04T11:37:00","guid":{"rendered":"http:\/\/172.16.0.7\/site-antigo\/?p=2811"},"modified":"2024-10-08T09:10:57","modified_gmt":"2024-10-08T12:10:57","slug":"cmei-do-residencial-sumatra-e-inaugurado","status":"publish","type":"post","link":"http:\/\/www.apucarana.pr.gov.br\/site\/cmei-do-residencial-sumatra-e-inaugurado\/","title":{"rendered":"CMEI do Residencial Sumatra \u00e9 inaugurado"},"content":{"rendered":"<\/p>\n<p><span style=\"letter-spacing: -0.02em; line-height: 1.45em; background-color: initial;\">Em continuidade \u00e0 pol\u00edtica de valoriza\u00e7\u00e3o da Educa\u00e7\u00e3o, a Prefeitura de Apucarana inaugurou na manh\u00e3 de hoje (04\/05) mais um centro municipal de educa\u00e7\u00e3o infantil. O novo CMEI Alice Pereira de Ara\u00fajo beneficiar\u00e1 cerca de 200 crian\u00e7as dos Residenciais Sumatra I e II e do Jardim Ja\u00e7an\u00e3.<\/span><\/p>\n<p><span style=\"letter-spacing: -0.02em; line-height: 1.45em; background-color: initial;\">  <\/p>\n<p><b><u>Click nos links de \u00e1udio acima<\/u><\/b><\/p>\n<p>  <\/span><span style=\"letter-spacing: -0.02em; line-height: 1.45em; background-color: initial;\">Estiveram presentes \u00e0 solenidade, o prefeito municipal Beto Preto, o vice-prefeito J\u00fanior da Femac, o chefe de gabinete da senadora Gleisi Hoffmann, Arilson Chiorato, o assessor do deputado federal Enio Verri, Olivan Tresse, o gerente do escrit\u00f3rio regional da Cohapar, Ricardo Lima, vereadores e outras autoridades locais.<br \/><\/span><span style=\"letter-spacing: -0.02em; line-height: 1.45em; background-color: initial;\"><br \/>O pr\u00e9dio, que foi constru\u00eddo pela empreiteira Bonora &amp;amp; Costa, possui \u00e1rea de 640,38 m2 e compreende cinco salas de aula com sol\u00e1rios, brinquedoteca, sanit\u00e1rios, cozinha, dispensa, refeit\u00f3rio, lavanderia, sala dos professores e secretaria. O investimento para a execu\u00e7\u00e3o da obra foi da ordem de R$ 600 mil.<br \/><\/span><span style=\"letter-spacing: -0.02em; line-height: 1.45em; background-color: initial;\"><br \/>A secret\u00e1ria de educa\u00e7\u00e3o, professora Marli Fernandes, esclarece que o CMEI atender\u00e1 inicialmente apenas crian\u00e7as de 4 a 6 anos. As matr\u00edculas j\u00e1 est\u00e3o feitas e as aulas come\u00e7am nesta ter\u00e7a-feira (05). &ldquo;A princ\u00edpio, n\u00f3s ofertaremos aqui turmas de pr\u00e9 I, II e III, mas esses alunos logo passar\u00e3o a estudar na escola do bairro e, ent\u00e3o, teremos espa\u00e7o para abrir vagas para maternal, ber\u00e7\u00e1rio e jardim&rdquo;, afirmou.<br \/><\/span><span style=\"letter-spacing: -0.02em; line-height: 1.45em; background-color: initial;\"><br \/>O prefeito Beto Preto ressaltou o grande n\u00famero de fam\u00edlias que ser\u00e3o beneficiadas com a obra. &ldquo;Essa regi\u00e3o possui mais de 1.300 casas e \u00e9 responsabilidade da prefeitura garantir toda a infraestrutura necess\u00e1ria para o seu bem viver. Eu apenas pe\u00e7o a uni\u00e3o dos moradores para que nos ajudem a cuidar do pr\u00e9dio e evitar que ele sofra furtos e vandalismos como vemos ocorrer em outras regi\u00f5es.&rdquo;, pediu ele, acrescentando ainda que a escola, o posto de sa\u00fade e o centro de refer\u00eancia em assist\u00eancia social (CRAS) da comunidade ser\u00e3o inaugurados em breve.<br \/><\/span><span style=\"letter-spacing: -0.02em; line-height: 1.45em; background-color: initial;\"><br \/>As m\u00e3es presentes, por sua vez, agradeceram ao gestor pela inaugura\u00e7\u00e3o do novo CMEI. &ldquo;Eu pretendo come\u00e7ar a trabalhar e tenho at\u00e9 um servi\u00e7o em vista, mas estava esperando a inaugura\u00e7\u00e3o da creche para ter onde deixar os meus filhos. A constru\u00e7\u00e3o veio em boa hora e vai facilitar a minha vida&rdquo;, disse Carolina Fernanda Franco, que \u00e9 moradora do Jardim Ja\u00e7an\u00e3.<br \/><\/span><span style=\"letter-spacing: -0.02em; line-height: 1.45em; background-color: initial;\"><br \/>O nome &ldquo;Alice Pereira de Ara\u00fajo&rdquo; foi proposto para a institui\u00e7\u00e3o por meio de um projeto de lei do vereador Ant&ocirc;nio Ananias e homenageia a m\u00e3e do presidente da C&acirc;mara Municipal de Apucarana, Jos\u00e9 Airton Deco de Ara\u00fajo, que foi um exemplo de mulher guerreira.<br \/><\/span><span style=\"letter-spacing: -0.02em; line-height: 1.45em; background-color: initial;\"><br \/>&ldquo;A minha m\u00e3e separou-se muito nova e teve que criar seus quatro filhos sozinha. Enquanto ela trabalhava na lavoura de caf\u00e9 ou no frigor\u00edfico da cidade, eu e meus irm\u00e3os fic\u00e1vamos na creche. Receber esse presente significa que o nome dela ficar\u00e1 eternizado&rdquo;, emocionou-se Deco, que compareceu ao ato acompanhado da fam\u00edlia.<br \/><\/span><span style=\"letter-spacing: -0.02em; line-height: 1.45em; background-color: initial;\"><br \/>A senadora Gleisi Hoffmann n\u00e3o p&ocirc;de vir \u00e0 cidade devido a uma reuni\u00e3o no Minist\u00e9rio das Cidades, em Bras\u00edlia. &ldquo;Ela est\u00e1 discutindo agora com o ministro Gilberto Kassab a constru\u00e7\u00e3o de mais 500 casas no conjunto habitacional apucaranense Solo Sagrado, mas pediu que eu transmitisse o seu apoio incondicional ao prefeito Beto Preto&rdquo;, explicou Chiorato, que a representou no ato.<\/span><\/p>\n<p><\/p>\n","protected":false},"excerpt":{"rendered":"<p>O novo CMEI Alice Pereira de Ara&uacute;jo beneficiar&aacute; cerca de 200 crian&ccedil;as dos Residenciais Sumatra I e II e do Jardim Ja&ccedil;an&atilde;<\/p>\n","protected":false},"author":4,"featured_media":0,"comment_status":"closed","ping_status":"closed","sticky":false,"template":"","format":"standard","meta":{"footnotes":""},"categories":[24],"tags":[],"class_list":["post-2811","post","type-post","status-publish","format-standard","hentry","category-noticias"],"acf":[],"_links":{"self":[{"href":"http:\/\/www.apucarana.pr.gov.br\/site\/wp-json\/wp\/v2\/posts\/2811","targetHints":{"allow":["GET"]}}],"collection":[{"href":"http:\/\/www.apucarana.pr.gov.br\/site\/wp-json\/wp\/v2\/posts"}],"about":[{"href":"http:\/\/www.apucarana.pr.gov.br\/site\/wp-json\/wp\/v2\/types\/post"}],"author":[{"embeddable":true,"href":"http:\/\/www.apucarana.pr.gov.br\/site\/wp-json\/wp\/v2\/users\/4"}],"replies":[{"embeddable":true,"href":"http:\/\/www.apucarana.pr.gov.br\/site\/wp-json\/wp\/v2\/comments?post=2811"}],"version-history":[{"count":1,"href":"http:\/\/www.apucarana.pr.gov.br\/site\/wp-json\/wp\/v2\/posts\/2811\/revisions"}],"predecessor-version":[{"id":104070,"href":"http:\/\/www.apucarana.pr.gov.br\/site\/wp-json\/wp\/v2\/posts\/2811\/revisions\/104070"}],"wp:attachment":[{"href":"http:\/\/www.apucarana.pr.gov.br\/site\/wp-json\/wp\/v2\/media?parent=2811"}],"wp:term":[{"taxonomy":"category","embeddable":true,"href":"http:\/\/www.apucarana.pr.gov.br\/site\/wp-json\/wp\/v2\/categories?post=2811"},{"taxonomy":"post_tag","embeddable":true,"href":"http:\/\/www.apucarana.pr.gov.br\/site\/wp-json\/wp\/v2\/tags?post=2811"}],"curies":[{"name":"wp","href":"https:\/\/api.w.org\/{rel}","templated":true}]}}