{"id":2810,"date":"2015-05-04T16:29:00","date_gmt":"2015-05-04T16:29:00","guid":{"rendered":"http:\/\/172.16.0.7\/site-antigo\/?p=2810"},"modified":"2024-10-08T09:10:57","modified_gmt":"2024-10-08T12:10:57","slug":"feiras-de-rua-terao-funcionamento-especial-para-o-dia-das-maes","status":"publish","type":"post","link":"http:\/\/www.apucarana.pr.gov.br\/site\/feiras-de-rua-terao-funcionamento-especial-para-o-dia-das-maes\/","title":{"rendered":"Feiras de rua ter\u00e3o funcionamento especial para o Dia das M\u00e3es"},"content":{"rendered":"<p><p><span style=\"letter-spacing: -0.02em; line-height: 1.45em; background-color: initial;\">A Feira do Artesanato e a Feira da Lua v\u00e3o funcionar de quinta a s\u00e1bado (07, 08 e 09\/05) nesta semana. Tradicionais pontos do com\u00e9rcio de rua de Apucarana, junto ao plat&ocirc; da Pra\u00e7a Rui Barbosa, a inten\u00e7\u00e3o \u00e9 atender aos consumidores que v\u00e3o \u00e0s compras do Dia das M\u00e3es, a ser celebrado domingo. Os artes\u00e3os v\u00e3o atender das 10 \u00e0s 22 horas, j\u00e1 os feirantes &ndash; a maioria no ramo da gastronomia &#8211; v\u00e3o abrir das 17 \u00e0s 22 horas.<br \/><\/span><span style=\"letter-spacing: -0.02em; line-height: 1.45em; background-color: initial;\"><br \/>Este e outros assuntos relativos \u00e0s feiras, que s\u00e3o coordenadas pela Secretaria da Ind\u00fastria e Com\u00e9rcio, foram apresentados ao prefeito Beto Preto nesta segunda-feira (04\/05) em reuni\u00e3o que contou com a presen\u00e7a de representantes dos dois segmentos. &ldquo;Na contram\u00e3o do que alguns diziam, temos dado todo apoio para estes eventos, tanto \u00e9 que a Feira da Lua, por exemplo, dobrou em nossa administra\u00e7\u00e3o e agora tem at\u00e9 fila de espera, pois n\u00e3o h\u00e1 mais espa\u00e7o para novos expositores&rdquo;, destacou o prefeito.<br \/><\/span><span style=\"letter-spacing: -0.02em; line-height: 1.45em; background-color: initial;\"><br \/>Atualmente, a Feira do Artesanato conta com 16 componentes e a Feira da Lua com 25 expositores. &ldquo;Quarenta e um pequenos empreendedores, todos devidamente formalizados e em dia com a vigil&acirc;ncia sanit\u00e1ria&rdquo;, pontuou Beto, que sugeriu a amplia\u00e7\u00e3o das feiras com a promo\u00e7\u00e3o de edi\u00e7\u00f5es itinerantes. &ldquo;A ideia foi bem acolhida e agora vai ser levada para discuss\u00e3o junto aos demais. Somente nesta reuni\u00e3o surgiram mais de 10 poss\u00edveis locais onde as feiras seriam levada \u00e0s ter\u00e7as-feiras, possibilitando ainda a inclus\u00e3o daqueles que aguardam na fila para exporem seus produtos&rdquo;, explicou o prefeito.<br \/><\/span><span style=\"letter-spacing: -0.02em; line-height: 1.45em; background-color: initial;\"><br \/>Pela Associa\u00e7\u00e3o dos Artes\u00e3os de Apucarana estiveram presentes Luiz Ant&ocirc;nio de Santana, J\u00falio C\u00e9zar Pereira e Jocian C\u00e9sar Ravazzi Santos. J\u00e1 pela Feira da Lua, Sim\u00e3o Pedro e Eliane Zabolotny representaram a associa\u00e7\u00e3o.<\/span><\/p>\n<p><\/p>\n","protected":false},"excerpt":{"rendered":"<p>Atualmente, a Feira do Artesanato conta com 16 componentes e a Feira da Lua com 25 expositores<\/p>\n","protected":false},"author":4,"featured_media":0,"comment_status":"closed","ping_status":"closed","sticky":false,"template":"","format":"standard","meta":{"footnotes":""},"categories":[24],"tags":[],"class_list":["post-2810","post","type-post","status-publish","format-standard","hentry","category-noticias"],"acf":[],"_links":{"self":[{"href":"http:\/\/www.apucarana.pr.gov.br\/site\/wp-json\/wp\/v2\/posts\/2810","targetHints":{"allow":["GET"]}}],"collection":[{"href":"http:\/\/www.apucarana.pr.gov.br\/site\/wp-json\/wp\/v2\/posts"}],"about":[{"href":"http:\/\/www.apucarana.pr.gov.br\/site\/wp-json\/wp\/v2\/types\/post"}],"author":[{"embeddable":true,"href":"http:\/\/www.apucarana.pr.gov.br\/site\/wp-json\/wp\/v2\/users\/4"}],"replies":[{"embeddable":true,"href":"http:\/\/www.apucarana.pr.gov.br\/site\/wp-json\/wp\/v2\/comments?post=2810"}],"version-history":[{"count":1,"href":"http:\/\/www.apucarana.pr.gov.br\/site\/wp-json\/wp\/v2\/posts\/2810\/revisions"}],"predecessor-version":[{"id":104068,"href":"http:\/\/www.apucarana.pr.gov.br\/site\/wp-json\/wp\/v2\/posts\/2810\/revisions\/104068"}],"wp:attachment":[{"href":"http:\/\/www.apucarana.pr.gov.br\/site\/wp-json\/wp\/v2\/media?parent=2810"}],"wp:term":[{"taxonomy":"category","embeddable":true,"href":"http:\/\/www.apucarana.pr.gov.br\/site\/wp-json\/wp\/v2\/categories?post=2810"},{"taxonomy":"post_tag","embeddable":true,"href":"http:\/\/www.apucarana.pr.gov.br\/site\/wp-json\/wp\/v2\/tags?post=2810"}],"curies":[{"name":"wp","href":"https:\/\/api.w.org\/{rel}","templated":true}]}}