{"id":28096,"date":"2019-11-20T19:34:00","date_gmt":"2019-11-20T21:34:00","guid":{"rendered":"http:\/\/172.16.0.7\/site-antigo\/?p=28096"},"modified":"2024-10-08T09:19:39","modified_gmt":"2024-10-08T12:19:39","slug":"apucarana-inicia-venda-de-jazigos-do-morada-da-paz","status":"publish","type":"post","link":"http:\/\/www.apucarana.pr.gov.br\/site\/apucarana-inicia-venda-de-jazigos-do-morada-da-paz\/","title":{"rendered":"Apucarana inicia venda de jazigos do \u201cMorada da Paz\u201d"},"content":{"rendered":"<p>A Autarquia dos Servi\u00e7os Funer\u00e1rios de Apucarana (Aserfa) inicia nesta quinta-feira (21\/10) a comercializa\u00e7\u00e3o antecipada de jazigos do Cemit\u00e9rio Municipal Morada da Paz, que est\u00e1 sendo estruturado em \u00e1rea de dois alqueires adquirida pela prefeitura na Gleba Nova Ukr\u00e2nia, junto ao Cemit\u00e9rio Ucraniano. Detalhes do projeto da nova necr\u00f3pole e o lan\u00e7amento oficial do plano de vendas dos primeiros espa\u00e7os aconteceram nesta quarta-feira (20\/11), no sal\u00e3o nobre da Prefeitura de Apucarana, em ato comandado pelo prefeito J\u00fanior da Femac.<br \/>\nO primeiro lote engloba a venda de 750 jazigos da \u201cQuadra Cedro\u201d, sendo 500 espa\u00e7os de duas gavetas, com valor de R$3 mil cada, e 250 espa\u00e7os com quatro gavetas, ao valor de R$6 mil cada. O pagamento \u00e0 vista dar\u00e1 direito a 10% de desconto e, independente da op\u00e7\u00e3o de gavetas, o comprador poder\u00e1 optar pelo parcelamento em at\u00e9 12 vezes.<br \/>\nOs pre\u00e7os foram fixados ap\u00f3s ampla pesquisa realizada pela equipe t\u00e9cnica da Aserfa. \u201cEstabelecemos uma m\u00e9dia dos valores praticados e podemos afirmar que chegamos a valores abaixo dos que est\u00e3o sendo cobrados atualmente em nossa regi\u00e3o\u201d, informou o prefeito J\u00fanior da Femac. Al\u00e9m do terreno, a venda j\u00e1 inclui a estrutura do jazigo (gavetas). \u201cO projeto \u00e9 padr\u00e3o. Posteriormente, a pessoa poder\u00e1 efetivar melhorias com a coloca\u00e7\u00e3o de m\u00e1rmore ou outro tipo de acabamento, mas n\u00e3o poder\u00e1 modificar a estrutura, ou seja, promover aumentos. Caso necessite de mais espa\u00e7os, dever\u00e1 adquirir novas gavetas\u201d, esclarece o prefeito.<br \/>\nSegundo proje\u00e7\u00e3o, as obras devem ter in\u00edcio dentro dos pr\u00f3ximos oito meses, que \u00e9 o tempo estimado para a conclus\u00e3o da licita\u00e7\u00e3o que visar\u00e1 a contrata\u00e7\u00e3o de empresa especializada, com prazo de entrega para 24 meses. O investimento, nesta primeira etapa, deve ser de aproximadamente R$3 milh\u00f5es.<br \/>\nOs recursos arrecadados com a venda antecipada dos jazigos ser\u00e3o revertidos na estrutura\u00e7\u00e3o do novo cemit\u00e9rio municipal. Al\u00e9m dos 750 espa\u00e7os, a primeira etapa consiste na constru\u00e7\u00e3o dos blocos administrativo e de servi\u00e7os, salas de vel\u00f3rio, al\u00e9m do espa\u00e7o de estacionamento. \u201cUm orgulho muito grande chegar a este momento, de lan\u00e7amento oficial do \u201cMorada da Paz\u201d. Um grande trabalho da gest\u00e3o Beto Preto, feito a muitas m\u00e3os, que vai atender \u00e0s necessidades de Apucarana pelos pr\u00f3ximos 30, 40 anos\u201d, anunciou o prefeito J\u00fanior da Femac.<br \/>\nA capacidade final do novo cemit\u00e9rio \u00e9 para quase 8 mil sepultamentos. \u201cTodos sabem que h\u00e1 anos as vagas nos cemit\u00e9rios municipais Cristo Rei e da Saudade est\u00e3o chegando ao limite. At\u00e9 por isto Apucarana precisa dispor com urg\u00eancia desta nova \u00e1rea que, na sua primeira etapa, atender\u00e1 a demanda por cerca de 20 anos\u201d, afirma o prefeito. A estrutura\u00e7\u00e3o do novo cemit\u00e9rio, lembra, \u00e9 tema que vem sendo trabalhado com muita seriedade pela gest\u00e3o Beto Preto. \u201cGradativamente estamos avan\u00e7ando para consolid\u00e1-lo. Trata-se de um bel\u00edssimo projeto, com conceitos modernos, paisagismo e muita harmonia do ambiente com a natureza do entorno do futuro cemit\u00e9rio\u201d, avalia J\u00fanior, salientando que o nome \u201cMorada da Paz\u201d foi sugerido pelo ex-prefeito Beto Preto. \u201cRemetendo ao clima e ambiente ecum\u00eanico que queremos para este local\u201d, diz.<br \/>\nO diretor presidente da Autarquia dos Servi\u00e7os Funer\u00e1rios de Apucarana (Aserfa), Marcos Bueno, ressalta que a comercializa\u00e7\u00e3o est\u00e1 sendo poss\u00edvel devido a conquista do licenciamento de instala\u00e7\u00e3o junto ao Instituto Ambiental do Paran\u00e1 (IAP). \u201cCom a capta\u00e7\u00e3o de recursos poderemos iniciar \u00e0 estrutura\u00e7\u00e3o desta primeira etapa\u201d, explica Bueno. Ele informa que o \u201cMorada da Paz\u201d tamb\u00e9m vai ter cota para atender aos enterros sociais, que abrange fam\u00edlias carentes e indigentes. \u201cContudo, isso em uma segunda etapa, por enquanto continuaremos atendendo a estes casos junto ao Cemit\u00e9rio Municipal Cristo Rei e ao cemit\u00e9rio particular, onde o munic\u00edpio disp\u00f5e de espa\u00e7os para este fim\u201d, relata o diretor-presidente da Aserfa.<br \/>\nO projeto do Cemit\u00e9rio Municipal Morada da Paz tem como respons\u00e1vel t\u00e9cnica a arquiteta Bianca Nunes, de Londrina. O projeto contempla um portal de entrada, blocos administrativos e de servi\u00e7os, capela e oss\u00e1rio, espa\u00e7o para estacionamento para motocicletas, bicicletas, carros de passeio, micro\u00f4nibus e vans, plataformas elevadas e passeios com acessibilidade.<br \/>\nA capela mortu\u00e1ria ter\u00e1 de in\u00edcio dois sal\u00f5es para vel\u00f3rios, com disponibiliza\u00e7\u00e3o de carrinhos motorizados para cortejos. O cemit\u00e9rio ir\u00e1 dispor tamb\u00e9m de uma capela para ora\u00e7\u00f5es. Uma faixa de grama circundar\u00e1 todo o espa\u00e7o, que tem 48 mil metros quadrados. \u201cLocalizado na Gleba Nova Ukr\u00e2nia, o novo cemit\u00e9rio ter\u00e1 dois acessos asfaltados. Um via estrada velha para Rio Bom (Estrada Sebasti\u00e3o Piassa) e outro pela Estrada Rural Professor Andr\u00e9 Berezoski, pr\u00f3ximo \u00e0 Vila Rural Nova Ukr\u00e2nia\u201d, comunica o prefeito J\u00fanior da Femac, destacando que o acesso da estrada velha para Rio Bom contar\u00e1 com via paisag\u00edstica planejada.<br \/>\nAserfa concentrar\u00e1 vendas da nova necr\u00f3pole municipal<br \/>\nAs vendas dos jazigos acontecem na sede da Autarquia dos Servi\u00e7os Funer\u00e1rios de Apucarana (Aserfa), localizada na Rua Gast\u00e3o Vidigal, 777, pr\u00f3ximo ao terminal urbano de passageiros. N\u00e3o ser\u00e1 permitida, em hip\u00f3tese alguma, a compra para revenda futura. \u201cN\u00e3o haver\u00e1 circula\u00e7\u00e3o de dinheiro, ser\u00e1 tudo feito com pagamento via boleto DAM \u2013 Documento de Arrecada\u00e7\u00e3o Municipal\u201d, destaca o prefeito J\u00fanior da Femac.<br \/>\nOs interessados devem comparecer munidos de documentos pessoais, comprovante de renda e endere\u00e7o. O telefone para contato \u00e9 o 3422-1053.<\/p>\n","protected":false},"excerpt":{"rendered":"<p>Novo cemit\u00e9rio municipal, projetado para atender a quase 8 mil sepultamentos, atender\u00e1 demanda por at\u00e9 40 anos (Foto: PMA)<\/p>\n","protected":false},"author":4,"featured_media":28099,"comment_status":"closed","ping_status":"open","sticky":false,"template":"","format":"standard","meta":{"footnotes":""},"categories":[24],"tags":[],"class_list":["post-28096","post","type-post","status-publish","format-standard","has-post-thumbnail","hentry","category-noticias"],"acf":[],"_links":{"self":[{"href":"http:\/\/www.apucarana.pr.gov.br\/site\/wp-json\/wp\/v2\/posts\/28096","targetHints":{"allow":["GET"]}}],"collection":[{"href":"http:\/\/www.apucarana.pr.gov.br\/site\/wp-json\/wp\/v2\/posts"}],"about":[{"href":"http:\/\/www.apucarana.pr.gov.br\/site\/wp-json\/wp\/v2\/types\/post"}],"author":[{"embeddable":true,"href":"http:\/\/www.apucarana.pr.gov.br\/site\/wp-json\/wp\/v2\/users\/4"}],"replies":[{"embeddable":true,"href":"http:\/\/www.apucarana.pr.gov.br\/site\/wp-json\/wp\/v2\/comments?post=28096"}],"version-history":[{"count":1,"href":"http:\/\/www.apucarana.pr.gov.br\/site\/wp-json\/wp\/v2\/posts\/28096\/revisions"}],"predecessor-version":[{"id":99961,"href":"http:\/\/www.apucarana.pr.gov.br\/site\/wp-json\/wp\/v2\/posts\/28096\/revisions\/99961"}],"wp:featuredmedia":[{"embeddable":true,"href":"http:\/\/www.apucarana.pr.gov.br\/site\/wp-json\/"}],"wp:attachment":[{"href":"http:\/\/www.apucarana.pr.gov.br\/site\/wp-json\/wp\/v2\/media?parent=28096"}],"wp:term":[{"taxonomy":"category","embeddable":true,"href":"http:\/\/www.apucarana.pr.gov.br\/site\/wp-json\/wp\/v2\/categories?post=28096"},{"taxonomy":"post_tag","embeddable":true,"href":"http:\/\/www.apucarana.pr.gov.br\/site\/wp-json\/wp\/v2\/tags?post=28096"}],"curies":[{"name":"wp","href":"https:\/\/api.w.org\/{rel}","templated":true}]}}