{"id":2808,"date":"2015-05-03T15:26:00","date_gmt":"2015-05-03T15:26:00","guid":{"rendered":"http:\/\/172.16.0.7\/site-antigo\/?p=2808"},"modified":"2024-10-08T09:10:57","modified_gmt":"2024-10-08T12:10:57","slug":"fim-da-erosao-da-rua-joao-sampaio","status":"publish","type":"post","link":"http:\/\/www.apucarana.pr.gov.br\/site\/fim-da-erosao-da-rua-joao-sampaio\/","title":{"rendered":"Fim da eros\u00e3o da Rua Jo\u00e3o Sampaio"},"content":{"rendered":"<\/p>\n<p><span style=\"letter-spacing: -0.02em; line-height: 1.45em; background-color: initial;\">Foram necess\u00e1rios quinhentos caminh\u00f5es de terra para conter a eros\u00e3o que causou a interdi\u00e7\u00e3o de um trecho da Rua Jo\u00e3o Sampaio. O ponto obstru\u00eddo permitia aliga\u00e7\u00e3o entre os jardins Morada do Sol e Milani. Com as chuvas em excesso do m\u00eas de mar\u00e7o, a canaliza\u00e7\u00e3o do C\u00f3rrego Ta\u00faba foi arrastada e no local surgiu uma cratera de quinze metros de profundidade por trinta de largura.<\/span><\/p>\n<p><span style=\"letter-spacing: -0.02em; line-height: 1.45em; background-color: initial;\">  <\/p>\n<p><b><u>Click no link de \u00e1udio acima<\/u><\/b><\/p>\n<p><\/span>No local, a prefeitura realizou obras de emerg\u00eancia substituindo os tubos da canaliza\u00e7\u00e3o do c\u00f3rrego, de oitenta cent\u00edmetros para um metro e vinte cent\u00edmetros de di&acirc;metro. &ldquo;A obra est\u00e1 conclu\u00edda e agora vamos sinalizar e urbanizar o local, com cal\u00e7adas e grama&rdquo;, anunciou o prefeito Beto Preto.<\/p>\n<p><\/p>\n","protected":false},"excerpt":{"rendered":"<p>Prefeitura realizou obras de emerg&ecirc;ncia substituindo os tubos da canaliza&ccedil;&atilde;o do c&oacute;rrego, de oitenta cent&iacute;metros para um metro e vinte cent&iacute;metros de di&acirc;metro<\/p>\n","protected":false},"author":4,"featured_media":0,"comment_status":"closed","ping_status":"closed","sticky":false,"template":"","format":"standard","meta":{"footnotes":""},"categories":[24],"tags":[],"class_list":["post-2808","post","type-post","status-publish","format-standard","hentry","category-noticias"],"acf":[],"_links":{"self":[{"href":"http:\/\/www.apucarana.pr.gov.br\/site\/wp-json\/wp\/v2\/posts\/2808","targetHints":{"allow":["GET"]}}],"collection":[{"href":"http:\/\/www.apucarana.pr.gov.br\/site\/wp-json\/wp\/v2\/posts"}],"about":[{"href":"http:\/\/www.apucarana.pr.gov.br\/site\/wp-json\/wp\/v2\/types\/post"}],"author":[{"embeddable":true,"href":"http:\/\/www.apucarana.pr.gov.br\/site\/wp-json\/wp\/v2\/users\/4"}],"replies":[{"embeddable":true,"href":"http:\/\/www.apucarana.pr.gov.br\/site\/wp-json\/wp\/v2\/comments?post=2808"}],"version-history":[{"count":1,"href":"http:\/\/www.apucarana.pr.gov.br\/site\/wp-json\/wp\/v2\/posts\/2808\/revisions"}],"predecessor-version":[{"id":104071,"href":"http:\/\/www.apucarana.pr.gov.br\/site\/wp-json\/wp\/v2\/posts\/2808\/revisions\/104071"}],"wp:attachment":[{"href":"http:\/\/www.apucarana.pr.gov.br\/site\/wp-json\/wp\/v2\/media?parent=2808"}],"wp:term":[{"taxonomy":"category","embeddable":true,"href":"http:\/\/www.apucarana.pr.gov.br\/site\/wp-json\/wp\/v2\/categories?post=2808"},{"taxonomy":"post_tag","embeddable":true,"href":"http:\/\/www.apucarana.pr.gov.br\/site\/wp-json\/wp\/v2\/tags?post=2808"}],"curies":[{"name":"wp","href":"https:\/\/api.w.org\/{rel}","templated":true}]}}