{"id":28075,"date":"2019-11-20T17:55:16","date_gmt":"2019-11-20T19:55:16","guid":{"rendered":"http:\/\/172.16.0.7\/site-antigo\/?p=28075"},"modified":"2024-10-08T09:19:39","modified_gmt":"2024-10-08T12:19:39","slug":"apucarana-celebra-6-anos-do-patronato-municipal","status":"publish","type":"post","link":"http:\/\/www.apucarana.pr.gov.br\/site\/apucarana-celebra-6-anos-do-patronato-municipal\/","title":{"rendered":"Apucarana celebra 6 anos do Patronato Municipal"},"content":{"rendered":"<p>Criado em 2013, o Patronato Municipal de Apucarana completa 6 anos de atividade com um marco de 1579 egressos atendidos. A data foi lembrada com uma solenidade no Centro Social Urbano, onde funciona a sede do programa que ressocializa com medidas s\u00f3cio-educativas os apenados.<br \/>\nO programa atua na fiscaliza\u00e7\u00e3o do cumprimento de penas aplicadas pela Justi\u00e7a Estadual e Federal, oferecendo assist\u00eancia multidisciplinar e encaminhando os apenados para presta\u00e7\u00e3o de servi\u00e7os comunit\u00e1rios. Atualmente, mais de 500 condenados s\u00e3o assistidos mensalmente.<br \/>\nA assessora jur\u00eddica do Patronato, Mariana Milano Diniz, explica que os egressos prestam servi\u00e7os comunit\u00e1rios em 16 locais na cidade como a Autarquia Municipal de Sa\u00fade, Secretaria Municipal de Esportes, P\u00e1tio de M\u00e1quinas Municipal, Canil Municipal, ag\u00eancia do trabalhador, viveiro municipal e Lar S\u00e3o Vicente de Paulo, entre outros.<br \/>\nParceira do programa, a Unespar\/FECEA atua com uma equipe multidisciplinar no atendimento aos egressos, nas \u00e1reas da administra\u00e7\u00e3o, servi\u00e7o social, psicologia, pedagogia e direito. \u201cA uni\u00e3o de for\u00e7as entre a universidade e a prefeitura na condu\u00e7\u00e3o deste trabalho reflete em resultados positivos que s\u00e3o motivos para a comemora\u00e7\u00e3o hoje. Essa parceria deve e vai continuar\u201d, afirmou diretor do campus Unespar\/FECEA de Apucarana, Daniel Fernando Matheus Gomes.<br \/>\nO prefeito Junior da Femac enalteceu o alcance social do Patronato de Apucarana que \u00e9 refer\u00eancia no Paran\u00e1 e j\u00e1 beneficiou 1.579 egressos em 6 anos de atividade. \u201c\u00c9 um programa de Deus, que estende a m\u00e3o a quem precisa de uma oportunidade. Se conseguirmos salvar uma pessoa do mundo do crime j\u00e1 valeu \u00e0 pena oferecer este atendimento no nosso munic\u00edpio. A prefeitura garante que esse programa vai continuar em Apucarana. Os egressos precisam de nossa m\u00e3o\u201d, garantiu Junior da Femac.<br \/>\nO programa Patronato Municipal envolve uma parceria F\u00f3rum Clot\u00e1rio Portugal, atrav\u00e9s dos ju\u00edzes Oswaldo Soares Neto e Jos\u00e9 Roberto Silv\u00e9rio, do Juizado Especial, atrav\u00e9s da ju\u00edza Marcia Yakomizo, da Justi\u00e7a Federal, Unespar, Prefeitura e Governo do Estado.<br \/>\nA solenidade comemorativa dos 6 anos do Patronato Municipal contou com a presen\u00e7a do procurador do munic\u00edpio, Paulo Vital; da defensora p\u00fablica do estado, Renata Miranda Duarte; do subcomandante do 10\u00ba Batalh\u00e3o da Pol\u00edcia Militar, major Marcos Jos\u00e9 Facio; do capit\u00e3o da 10\u00ba BPM, Vilson da Silva; do comandante do 11\u00ba Grupamento dos Bombeiros, major Andr\u00e9 Lopes; e do comandante da Guarda Municipal, Alessandro Carlete.<br \/>\n&nbsp;<br \/>\n&nbsp;<br \/>\n&nbsp;<br \/>\n&nbsp;<br \/>\n&nbsp;<\/p>\n","protected":false},"excerpt":{"rendered":"<p>O prefeito Junior da Femac destaca que o Patronato de Apucarana \u00e9 refer\u00eancia no Paran\u00e1, j\u00e1 tendo beneficiado cerca 1.579 egressos<\/p>\n","protected":false},"author":4,"featured_media":28076,"comment_status":"closed","ping_status":"open","sticky":false,"template":"","format":"standard","meta":{"footnotes":""},"categories":[24],"tags":[],"class_list":["post-28075","post","type-post","status-publish","format-standard","has-post-thumbnail","hentry","category-noticias"],"acf":[],"_links":{"self":[{"href":"http:\/\/www.apucarana.pr.gov.br\/site\/wp-json\/wp\/v2\/posts\/28075","targetHints":{"allow":["GET"]}}],"collection":[{"href":"http:\/\/www.apucarana.pr.gov.br\/site\/wp-json\/wp\/v2\/posts"}],"about":[{"href":"http:\/\/www.apucarana.pr.gov.br\/site\/wp-json\/wp\/v2\/types\/post"}],"author":[{"embeddable":true,"href":"http:\/\/www.apucarana.pr.gov.br\/site\/wp-json\/wp\/v2\/users\/4"}],"replies":[{"embeddable":true,"href":"http:\/\/www.apucarana.pr.gov.br\/site\/wp-json\/wp\/v2\/comments?post=28075"}],"version-history":[{"count":1,"href":"http:\/\/www.apucarana.pr.gov.br\/site\/wp-json\/wp\/v2\/posts\/28075\/revisions"}],"predecessor-version":[{"id":99963,"href":"http:\/\/www.apucarana.pr.gov.br\/site\/wp-json\/wp\/v2\/posts\/28075\/revisions\/99963"}],"wp:featuredmedia":[{"embeddable":true,"href":"http:\/\/www.apucarana.pr.gov.br\/site\/wp-json\/"}],"wp:attachment":[{"href":"http:\/\/www.apucarana.pr.gov.br\/site\/wp-json\/wp\/v2\/media?parent=28075"}],"wp:term":[{"taxonomy":"category","embeddable":true,"href":"http:\/\/www.apucarana.pr.gov.br\/site\/wp-json\/wp\/v2\/categories?post=28075"},{"taxonomy":"post_tag","embeddable":true,"href":"http:\/\/www.apucarana.pr.gov.br\/site\/wp-json\/wp\/v2\/tags?post=28075"}],"curies":[{"name":"wp","href":"https:\/\/api.w.org\/{rel}","templated":true}]}}