{"id":28071,"date":"2019-11-19T15:53:48","date_gmt":"2019-11-19T17:53:48","guid":{"rendered":"http:\/\/172.16.0.7\/site-antigo\/?p=28071"},"modified":"2024-10-08T09:19:39","modified_gmt":"2024-10-08T12:19:39","slug":"filha-quer-conhecer-pai-apos-26-anos","status":"publish","type":"post","link":"http:\/\/www.apucarana.pr.gov.br\/site\/filha-quer-conhecer-pai-apos-26-anos\/","title":{"rendered":"Filha quer conhecer pai ap\u00f3s 26 anos"},"content":{"rendered":"<p>Aten\u00e7\u00e3o senhor S\u00edlvio, cujo pai foi ou ainda \u00e9 coveiro em Apucarana, e h\u00e1 cerca de 26 anos teve um relacionamento com Vera Lobianco, moradora da cidade de Tamboara (PR).<br \/>\nSua filha Jheniffer Lobianco quer muito conhec\u00ea-lo. Atualmente ela mora em Paranava\u00ed (PR).<br \/>\nS\u00edlvio, cujo pai foi coveiro em Apucarana, ou quem souber de seu paradeiro, favor entrar em contato com Jheniffer pelo telefone celular (44) 9885-54177.<\/p>\n","protected":false},"excerpt":{"rendered":"<p>Aten\u00e7\u00e3o senhor S\u00edlvio, cujo pai foi ou ainda \u00e9 coveiro em Apucarana, e h\u00e1 cerca de 26 anos teve um relacionamento com Vera Lobianco, moradora da cidade de Tamboara (PR)<\/p>\n","protected":false},"author":4,"featured_media":28072,"comment_status":"closed","ping_status":"open","sticky":false,"template":"","format":"standard","meta":{"footnotes":""},"categories":[24],"tags":[],"class_list":["post-28071","post","type-post","status-publish","format-standard","has-post-thumbnail","hentry","category-noticias"],"acf":[],"_links":{"self":[{"href":"http:\/\/www.apucarana.pr.gov.br\/site\/wp-json\/wp\/v2\/posts\/28071","targetHints":{"allow":["GET"]}}],"collection":[{"href":"http:\/\/www.apucarana.pr.gov.br\/site\/wp-json\/wp\/v2\/posts"}],"about":[{"href":"http:\/\/www.apucarana.pr.gov.br\/site\/wp-json\/wp\/v2\/types\/post"}],"author":[{"embeddable":true,"href":"http:\/\/www.apucarana.pr.gov.br\/site\/wp-json\/wp\/v2\/users\/4"}],"replies":[{"embeddable":true,"href":"http:\/\/www.apucarana.pr.gov.br\/site\/wp-json\/wp\/v2\/comments?post=28071"}],"version-history":[{"count":1,"href":"http:\/\/www.apucarana.pr.gov.br\/site\/wp-json\/wp\/v2\/posts\/28071\/revisions"}],"predecessor-version":[{"id":99966,"href":"http:\/\/www.apucarana.pr.gov.br\/site\/wp-json\/wp\/v2\/posts\/28071\/revisions\/99966"}],"wp:featuredmedia":[{"embeddable":true,"href":"http:\/\/www.apucarana.pr.gov.br\/site\/wp-json\/"}],"wp:attachment":[{"href":"http:\/\/www.apucarana.pr.gov.br\/site\/wp-json\/wp\/v2\/media?parent=28071"}],"wp:term":[{"taxonomy":"category","embeddable":true,"href":"http:\/\/www.apucarana.pr.gov.br\/site\/wp-json\/wp\/v2\/categories?post=28071"},{"taxonomy":"post_tag","embeddable":true,"href":"http:\/\/www.apucarana.pr.gov.br\/site\/wp-json\/wp\/v2\/tags?post=28071"}],"curies":[{"name":"wp","href":"https:\/\/api.w.org\/{rel}","templated":true}]}}