{"id":2807,"date":"2015-05-02T12:31:00","date_gmt":"2015-05-02T12:31:00","guid":{"rendered":"http:\/\/172.16.0.7\/site-antigo\/?p=2807"},"modified":"2024-10-08T09:10:57","modified_gmt":"2024-10-08T12:10:57","slug":"apos-espera-de-30-anos-asfalto-chega-na-rua-margarida","status":"publish","type":"post","link":"http:\/\/www.apucarana.pr.gov.br\/site\/apos-espera-de-30-anos-asfalto-chega-na-rua-margarida\/","title":{"rendered":"Ap\u00f3s espera de 30 anos, asfalto chega na Rua Margarida"},"content":{"rendered":"<\/p>\n<div>\n<p><span style=\"letter-spacing: -0.02em; line-height: 1.45em; background-color: initial;\">Depois de quase 30 anos de espera, moradores das ruas Margarida e Rosa, no Jardim das Flores, comemoraram hoje a chegada do asfalto. As obras foram entregues pelo prefeito Beto Preto, acompanhado pelo vice-prefeito Junior da Femac e do secret\u00e1rio de obras, Herivelto Moreno, al\u00e9m dos vereadores Ant&ocirc;nio Ananias e Luiz Magalh\u00e3es.<\/span><\/p>\n<p><span style=\"letter-spacing: -0.02em; line-height: 1.45em; background-color: initial;\">  <\/p>\n<p><b><u>Click nos links de \u00e1udio acima<\/u><\/b><\/p>\n<p>  <\/span><\/p>\n<p>A &ldquo;luta&rdquo; pelo asfalto na Rua Margarida foi encampada nos \u00faltimos 20 anos pelo aposentado Wanderley Ant&ocirc;nio Silva. &ldquo;Essa rua era pior que carreador de s\u00edtio abandonado&rdquo;, relata Silva, que fez quest\u00e3o de agradecer pessoalmente ao prefeito pela obra. &ldquo;Os \u00faltimos tr\u00eas prefeitos prometeram e n\u00e3o realizaram a obra&rdquo;, assinala.<\/p>\n<p>Devido \u00e0s condi\u00e7\u00f5es da via, muitos moradores n\u00e3o conseguiam sequer guardar seus carros na garagem, tendo que deix\u00e1-los em ruas pr\u00f3ximas. A pensionista Rosa Gon\u00e7alves do Amaral, de 68 anos, mais conhecida como &ldquo;Rosa Baiana&rdquo;, mora a 33 anos no local. &ldquo;Ningu\u00e9m aqui acreditava mais que o asfalto iria chegar. Agora j\u00e1 estamos exigindo um quebra-molas, para reduzir a velocidade dos carros&rdquo;, diz a moradora. <\/p>\n<p>O prefeito Beto Preto destaca que a urbaniza\u00e7\u00e3o da Rua Margarida vai possibilitar outros avan\u00e7os para a comunidade, sobretudo no que tange a interliga\u00e7\u00e3o de bairros adjacentes. &ldquo;Somos bastante sens\u00edveis a situa\u00e7\u00f5es como estas, onde comunidades t\u00eam esperado por anos para receber asfalto&rdquo;, assinala ele, acrescentando que o sofrimento com o barro e a poeira \u00e9 grande. <\/p>\n<p>As obras da Rua Margarida e Rua Rosa absorveram cerca de R$350 mil em recursos pr\u00f3prios da prefeitura, com 500 metros lineares de pavimenta\u00e7\u00e3o., incluindo servi\u00e7os de drenagem com a instala\u00e7\u00e3o de galerias pluviais com tubos de 80 cent\u00edmetros de di&acirc;metro.<\/p>\n<\/div>\n<p><\/p>\n","protected":false},"excerpt":{"rendered":"<p>Obras da Rua Margarida e Rua Rosa absorveram cerca de R$350 mil em recursos pr&oacute;prios da prefeitura<\/p>\n","protected":false},"author":4,"featured_media":0,"comment_status":"closed","ping_status":"closed","sticky":false,"template":"","format":"standard","meta":{"footnotes":""},"categories":[24],"tags":[],"class_list":["post-2807","post","type-post","status-publish","format-standard","hentry","category-noticias"],"acf":[],"_links":{"self":[{"href":"http:\/\/www.apucarana.pr.gov.br\/site\/wp-json\/wp\/v2\/posts\/2807","targetHints":{"allow":["GET"]}}],"collection":[{"href":"http:\/\/www.apucarana.pr.gov.br\/site\/wp-json\/wp\/v2\/posts"}],"about":[{"href":"http:\/\/www.apucarana.pr.gov.br\/site\/wp-json\/wp\/v2\/types\/post"}],"author":[{"embeddable":true,"href":"http:\/\/www.apucarana.pr.gov.br\/site\/wp-json\/wp\/v2\/users\/4"}],"replies":[{"embeddable":true,"href":"http:\/\/www.apucarana.pr.gov.br\/site\/wp-json\/wp\/v2\/comments?post=2807"}],"version-history":[{"count":1,"href":"http:\/\/www.apucarana.pr.gov.br\/site\/wp-json\/wp\/v2\/posts\/2807\/revisions"}],"predecessor-version":[{"id":104072,"href":"http:\/\/www.apucarana.pr.gov.br\/site\/wp-json\/wp\/v2\/posts\/2807\/revisions\/104072"}],"wp:attachment":[{"href":"http:\/\/www.apucarana.pr.gov.br\/site\/wp-json\/wp\/v2\/media?parent=2807"}],"wp:term":[{"taxonomy":"category","embeddable":true,"href":"http:\/\/www.apucarana.pr.gov.br\/site\/wp-json\/wp\/v2\/categories?post=2807"},{"taxonomy":"post_tag","embeddable":true,"href":"http:\/\/www.apucarana.pr.gov.br\/site\/wp-json\/wp\/v2\/tags?post=2807"}],"curies":[{"name":"wp","href":"https:\/\/api.w.org\/{rel}","templated":true}]}}