{"id":2806,"date":"2015-05-02T12:17:00","date_gmt":"2015-05-02T12:17:00","guid":{"rendered":"http:\/\/172.16.0.7\/site-antigo\/?p=2806"},"modified":"2024-10-08T09:10:57","modified_gmt":"2024-10-08T12:10:57","slug":"bale-do-teatro-guaira-marca-abertura-da-mostra-paranaense-de-danca-em-apucarana","status":"publish","type":"post","link":"http:\/\/www.apucarana.pr.gov.br\/site\/bale-do-teatro-guaira-marca-abertura-da-mostra-paranaense-de-danca-em-apucarana\/","title":{"rendered":"Bal\u00e9 do Teatro Gua\u00edra marca abertura da Mostra Paranaense de Dan\u00e7a em Apucarana"},"content":{"rendered":"<p><p><span style=\"letter-spacing: -0.02em; line-height: 1.45em; background-color: initial;\">A abertura da etapa seletiva da Mostra Paranaense de Dan\u00e7a, em Apucarana, foi marcada ontem pela apresenta\u00e7\u00e3o do Bal\u00e9 do Teatro Gua\u00edra no Cine Teatro F\u00eanix. &ldquo;Grande p\u00fablico assistiu a um espet\u00e1culo alta qualidade e saiu com gostinho de quero mais. Apucarana teve a oportunidade de presenciar uma excelente apresenta\u00e7\u00e3o de bal\u00e9 contempor&acirc;neo&rdquo;, comemora a secret\u00e1ria municipal da Promo\u00e7\u00e3o Art\u00edstica, Cultural e Tur\u00edstica.<\/span><\/p>\n<p>A Mostra Paranaense de Dan\u00e7a \u00e9 promovida pela Associa\u00e7\u00e3o dos Bailarinos e Apoiadores do Teatro Guair\u00e1 em parceria com a prefeitura da cidade, atrav\u00e9s da Secretaria Municipal da Promo\u00e7\u00e3o Art\u00edstica Cultural e Tur\u00edstica. O evento tem etapas seletivas que acontecer\u00e3o em 5 cidades do estado e posteriormente reunir\u00e1 os grupos em destaque, num grande evento em Curitiba, sediado no Teatro Gua\u00edra.<\/p>\n<p>A etapa seletiva da Mostra em Apucarana prossegue hoje a amanh\u00e3, no Cine Teatro F\u00eanix.O espet\u00e1culo ter\u00e1 inicio a partir das 18 horas com ingressos a venda na bilheteria do teatro, a partir das 17 horas, com valor fixado em R$ 8,00 (inteira) e R$ 4,00 (meia). Os ingressos s\u00e3o limitados a 480 unidades, j\u00e1 que este \u00e9 o n\u00famero de poltronas existentes no Cine Teatro F\u00eanix. Nestes dois dias a programa\u00e7\u00e3o prev\u00ea coreografias para seletiva de Apucarana, com a apresenta\u00e7\u00e3o de mais de 130 grupos da regi\u00e3o norte do Paran\u00e1.<\/p>\n<p><b>Confira a programa\u00e7\u00e3o:<\/b><\/p>\n<p><b>02\/05\/2015 &#8211; 18h<\/b>1 &ndash; Dan\u00e7&#039;Arte &ndash;<b>Allegreto<\/b>&ndash; 2&rsquo;54&rdquo;<br \/> 2 &#8211; Cia do Corpo Centro de Artes &ndash;<b>Intricadas<\/b>&ndash; 3&rsquo;03&rdquo;<br \/> 3 &#8211; Escola de Artes Movere &ndash;<b>Reden\u00e7\u00e3o<\/b>&ndash; 3&rsquo;55&rdquo;<br \/> 4 &#8211; Cristiane Ferreira \/ Ballet Devant &ndash;<b>Princesas<\/b>&ndash; 4&rsquo;15&rdquo;<br \/> 5 &#8211; Academia Marcia Angeli &#8211;<b>La Fille Mal Gard\u00e9e<\/b>&ndash; 1&rsquo;33&rdquo;<br \/> 6 &#8211; Associa\u00e7\u00e3o Centro de Dan\u00e7a Cia do Corpo &#8211;<b>Faces do Amor<\/b>&ndash; 2&rsquo;49&rdquo;<br \/> 7 &#8211; Dan\u00e7&#039;Arte &#8211;<b>Varia\u00e7\u00e3o Feminina de Amiga de Kitry<\/b>&ndash; 1&rsquo;30&rsquo;<br \/> 8 &#8211; Ballet Regina Mundi &#8211;<b>Magia das Luzes<\/b>&ndash; 4&rsquo;00&rdquo;<br \/> 9 &#8211; Funda\u00e7\u00e3o Cultural de Ibipor\u00e3 &#8211;<b>&Aacute;guas Primaveris<\/b>&ndash; 2&rsquo;04&rdquo;<br \/> 10 &#8211; Associa\u00e7\u00e3o Centro de Dan\u00e7a Cia do Corpo &ndash;<b>Esmeralda<\/b>&ndash; 1&rsquo;31&rdquo;<br \/> 11 &#8211; Cia de Dan\u00e7a Nara Carolina &ndash;<b>Colegiais<\/b>&ndash; 3&rsquo;32&rdquo;<br \/> 12 &#8211; Escola de Artes Movere &ndash;<b>Remember<\/b>&ndash; 4&rsquo;13&rdquo;<br \/> 13 &#8211; Clat\u00e9 Cia de Dan\u00e7a &ndash;<b>F\u00e9<\/b>&ndash; 3&rsquo;52&rdquo;<br \/> 14 &#8211; Associa\u00e7\u00e3o Centro de Dan\u00e7a Cia do Corpo &#8211;<b>Chamas de Paris<\/b>&ndash; 1&rsquo;06&rdquo;<br \/> 15 &#8211; Dan\u00e7&#039;Arte &#8211;<b>Bodas de Aurora<\/b>&ndash; 2&rsquo;30&rdquo;<br \/> 16 &#8211; Cristiane Ferreira \/ Ballet Devant &#8211;<b>Brincando de Dan\u00e7ar<\/b>&ndash; 3&rsquo;00&rdquo;<br \/> 17 &#8211; Cia do Corpo Centro de Artes &#8211;<b>Sobre Efeito Tons<\/b>&ndash; 3&rsquo;06&rdquo;<br \/> 18 &#8211; Academia Marcia Angeli &ndash;<b>Giselle<\/b>&ndash; 2&rsquo;12&rdquo;<br \/> 19 &#8211; Funda\u00e7\u00e3o Cultural de Ibipor\u00e3 &ndash;<b>Cupido<\/b>&ndash; 1&rsquo;00&rdquo;<br \/> 20 &#8211; Cia do Corpo Centro de Artes &ndash;<b>Diacronismo<\/b>&ndash; 257&rdquo;<br \/> 21 &#8211; Escola de Artes Movere &#8211;<b>Clark Bomb<\/b>&ndash; 2&rsquo;32&rdquo;<br \/> 22 &#8211; Dan\u00e7&#039;Arte &#8211;<b>Princesa Florine<\/b>&ndash; 1&rsquo;15&rdquo;<br \/> 23 &#8211; Ballet Regina Mundi &#8211;<b>Me Vino<\/b>&ndash; 3&rsquo;00&rdquo;<br \/> 24 &#8211; FUNCART &#8211; Zona Norte &#8211;<b>Le Cabaret<\/b>&ndash; 4&rsquo;21&rdquo;<br \/> 25 &#8211; Associa\u00e7\u00e3o Centro de Dan\u00e7a Cia do Corpo &#8211;<b>Fada A\u00e7ucarada<\/b>&ndash; 2&rsquo;26&rdquo;<br \/> 26 &#8211; Academia Marcia Angeli &#8211;<b>Chamas de Paris<\/b>&ndash; 1&rsquo;06&rdquo;<br \/> 27 &#8211; Funda\u00e7\u00e3o Cultural de Ibipor\u00e3 &ndash;<b>Harlequinade<\/b>&ndash; 2&rsquo;00&rdquo;<br \/> 28 &#8211; Dan\u00e7&#039;Arte &#8211;<b>Fada da Fortuna<\/b>&ndash; 0&rsquo;39&rdquo;<br \/> 29 &#8211; Associa\u00e7\u00e3o Centro de Dan\u00e7a Cia do Corpo &ndash;<b>Paquita<\/b>&ndash; 1&rsquo;21&rdquo;<br \/> 30 &#8211; Escola de Artes Movere &ndash;<b>Cigana<\/b>&ndash; 4&rsquo;44&rdquo;<br \/> 31 &#8211; Cristiane Ferreira \/ Ballet Devant &ndash;<b>P\u00e9rolas<\/b>&ndash; 7&rsquo;05&rdquo;<br \/> 32 &#8211; Academia Marcia Angeli &ndash;<b>Cupido<\/b>&ndash; 1&rsquo;01&rdquo;<br \/> 33 &#8211; Cia do Corpo Centro de Artes &#8211;<b>A Espera<\/b>&ndash; 2&rsquo;10&rdquo;<br \/> 34 &#8211; Jazz Dance Espa\u00e7o Nelson Verri &#8211;<b>Ch\u00e3o de Giz<\/b>&ndash; 4&rsquo;33&rdquo;<br \/> 35 &#8211; Dan\u00e7&#039;Arte &#8211;<b>Ciranda da Bailarina<\/b>&ndash; 3&rsquo;00&rdquo;<br \/> <b>INTERVALO36 &#8211; Funda\u00e7\u00e3o Cultural de Ibipor\u00e3 -Princesa Florine&ndash; 1&rsquo;09&rdquo;<br \/> 37 &#8211; Associa\u00e7\u00e3o Centro de Dan\u00e7a Cia do Corpo -Bonecos M\u00e1gicos&ndash; 3&rsquo;25&rdquo;<br \/> 38 &#8211; Way Dance &ndash;Move&ndash; 3&rsquo;30&rdquo;<br \/> 39 &#8211; Escola de Artes Movere -Turn of The Lights&ndash; 3&rsquo;51&rdquo;<br \/> 40 &#8211; Academia Marcia Angeli &ndash;Paysant&ndash; 1&rsquo;13&rdquo;<br \/> 41 &#8211; Cia do Corpo Centro de Artes -Entregue-se&ndash; 3&rsquo;08&rdquo;<br \/> 42 &#8211; Dan\u00e7&#039;Arte -Fada da Beleza&ndash; 1&rsquo;15&rdquo;<br \/> 43 &#8211; Funda\u00e7\u00e3o Cultural de Ibipor\u00e3 -Valsa das Amigas de Clara&ndash; 7&rsquo;04&rdquo;<br \/> 44 &#8211; Cia do Corpo Centro de Artes &ndash;Fragmentos&ndash; 2&rsquo;18&rdquo;<br \/> 45 &#8211; Cristiane Ferreira \/ Ballet Devant &ndash;Encanto&ndash; 2&rsquo;30&rsquo;<br \/> 46 &#8211; Escola de Artes Movere -Copo e Bota&ndash; 2&rsquo;06&rdquo;<br \/> 47 &#8211; Academia Marcia Angeli -Le Corsaire Jardin Anime&ndash; 1&rsquo;13&rdquo;<br \/> 48 &#8211; Associa\u00e7\u00e3o Centro de Dan\u00e7a Cia do Corpo -Espere Um Minuto&ndash; 2&rsquo;23&rdquo;<br \/> 49 &#8211; Dan\u00e7&#039;Arte -Kitri 3o. Ato&ndash; 1&rsquo;15&rdquo;<br \/> 50 &#8211; FUNCART &#8211; Zona Norte -A Favela&ndash; 7&rsquo;50&rsquo;<br \/> 51 &#8211; Funda\u00e7\u00e3o Cultural de Ibipor\u00e3 -Passant Giselle&ndash; 0&rsquo;53&rdquo;<br \/> 52 &#8211; Associa\u00e7\u00e3o Centro de Dan\u00e7a Cia do Corpo -Pensando Alto&ndash; 3&rsquo;35&rdquo;<br \/> 53 &#8211; Academia Marcia Angeli -Bodas de Aurora&ndash; 1&rsquo;58&rdquo;<br \/> 54 &#8211; Dan\u00e7&#039;Arte &ndash;Life&ndash; 3&rsquo;00&rdquo;<br \/> 55 &#8211; Associa\u00e7\u00e3o Centro de Dan\u00e7a Cia do Corpo -Descalabro do Que Era&ndash; 2&rsquo;53&rdquo;<br \/> 56 &#8211; Escola de Artes Movere -Amor Bandido&ndash; 2&rsquo;32&rdquo;<br \/> 57 &#8211; Funda\u00e7\u00e3o Cultural de Ibipor\u00e3 &ndash;Ciranda&ndash; 2&rsquo;47&rdquo;<br \/> 58 &#8211; Associa\u00e7\u00e3o Centro de Dan\u00e7a Cia do Corpo &ndash;&Iacute;gneo&ndash; 3&rsquo;12&rdquo;<br \/> 59 &#8211; Cristiane Ferreira \/ Ballet Devant &ndash;Anunciadoras&ndash; 3&rsquo;35&rdquo;<br \/> 60 &#8211; Ballet Regina Mundi &ndash;Trolls&ndash; 4&rsquo;00&rdquo;<br \/> 61 &#8211; Dan\u00e7&#039;Arte &ndash;Cupido&ndash; 0&rsquo;55&rdquo;<br \/> 62 &#8211; Academia Marcia Angeli -Varia\u00e7\u00e3o Medora&ndash; 1&rsquo;01&rdquo;<br \/> 63 &#8211; Cia do Corpo Centro de Artes &ndash;Ciganas&ndash; 2&rsquo;38&rdquo;<br \/> 64 &#8211; Escola de Artes Movere -Joker Funk&ndash; 1&rsquo;54&rdquo;<br \/> 65 &#8211; Funda\u00e7\u00e3o Cultural de Ibipor\u00e3 -Sensa\u00e7\u00f5es Memoriais&ndash; 6&rsquo;00&rdquo;<br \/> 66 &#8211; Dan\u00e7&#039;Arte &ndash;Desafio&ndash; 1&rsquo;15&rdquo;<br \/> 67 &#8211; Cia do Corpo Centro de Artes -Almas Vazias&ndash; 5&rsquo;27&rdquo;<br \/> 68 &#8211; Clat\u00e9 Cia de Dan\u00e7a -Patas Sujas&ndash; 4&rsquo;35&rdquo; <\/p>\n<p> 03\/05\/2015 &ndash; 18h1 &ndash; Cia de Dan\u00e7a do Centro da Juventude -As Gra\u00e7as&ndash; 2&rsquo;47&rdquo;<br \/> 2 &#8211; Ballet Nara Dutra -Pas de Deux A Filha do Fara\u00f3 &#8211; O Casamento III Ato&ndash; 3&rsquo;32&rdquo;<br \/> 3 &#8211; Escola Municipal de Dan\u00e7a de Londrina -Solo Feminino de Paysant&ndash; 1&rsquo;15&rdquo;<br \/> 4 &#8211; FUNCART &#8211; Zona Norte -La Dance de Trois&ndash; 3&rsquo;14&rdquo;<br \/> 5 &ndash; CONEXART -Solo P\u00e1ssaro Azul&ndash; 1&rsquo;09&rdquo;<br \/> 6 &#8211; Ballet Nara Dutra &ndash;Ostenta\u00e7\u00e3o&ndash; 2&rsquo;53&rdquo;<br \/> 7 &#8211; Academia Nielice Camargo -O Despertar de Flora&ndash; 2&rsquo;37&rdquo;<br \/> 8 &#8211; Academia Daisa Poltronieri -Valsa das Horas&ndash; 4&rsquo;08&rdquo;<br \/> 9 &#8211; Ballet Pavlova de Apucarana &ndash;Palha\u00e7os&ndash; 4&rsquo;09&rdquo;<br \/> 10 &#8211; Ballet Nara Dutra -A Filha do Far\u00e1o &#8211; Varia\u00e7\u00e3o Feminina de Asp\u00edcia &#8211; II Ato&ndash; 1&rsquo;21&rdquo;<br \/> 11 &#8211; Maktub Dan\u00e7a do Ventre -Dan\u00e7a do Cairo&ndash; 4&rsquo;23&rdquo;<br \/> 12 &#8211; Escola Municipal de Dan\u00e7a de Londrina -Solo Masculino Harlequinade&#038;nd<br \/>\nash; 1&rsquo;22&rdquo;<br \/> 13 &#8211; Escola Rui Barbosa -Meu Esconderijo &#8220;Eu&#8221;&ndash; 2&rsquo;23&rdquo;<br \/> 14 &#8211; Grupo Erastos \/ BND -Giselle Peasant Pas Variation&ndash; 1&rsquo;15&rdquo;<br \/> 15 &#8211; Cia de Dan\u00e7a do Centro da Juventude &ndash;Chopiniana&ndash; 6&rsquo;10&rdquo;<br \/> 16 &#8211; FUNCART &#8211; Zona Norte &ndash;Carmen&ndash; 2&rsquo;29&rdquo;<br \/> 17 &ndash; Freestyle -Boa Noite&ndash; 1&rsquo;54&rdquo;<br \/> 18 &#8211; Projeto em Movimento &ndash;Passantes&ndash; 3&rsquo;33&rdquo;<br \/> 19 &#8211; Ballet Nara Dutra -Pas de Trois Odaliscas &#8211; Le Corsaire &#8211; III Ato&ndash; 6&rsquo;00&rdquo;<br \/> 20 &ndash; CONEXART -Solo Esmeralda&ndash; 1&rsquo;35&rdquo;<br \/> 21 &#8211; Escola Municipal de Dan\u00e7a de Londrina -Solo O Cupido&ndash; 1&rsquo;00&rdquo;<br \/> 22 &#8211; Entrepassos Cia de Dan\u00e7a NAFI &ndash; CEFE &#8211; UEL &ndash;Chandelier&ndash; 4&rsquo;06&rdquo;<br \/> 23 &ndash; Ballet Nara Dutra -La Fille Mal Garde\u00e9&ndash; 1&rsquo;41&rdquo;<br \/> 24 &#8211; Academia Nielice Camargo -Petits Enfants&ndash; 2&rsquo;57&rdquo;<br \/> 25 &#8211; Escola Municipal de Dan\u00e7a de Apucarana -Virtude e Criatividade&ndash; 4&rsquo;17&rdquo;<br \/> 26 &#8211; Cia de Dan\u00e7a do Centro da Juventude &ndash;Abanicos&ndash; 2&rsquo;47&rdquo;<br \/> 27 &#8211; Ballet Nara Dutra &ndash;Cerejeiras&ndash; 2&rsquo;18&rdquo;<br \/> 28 &#8211; Maktub Dan\u00e7a do Ventre &ndash;Turmalina&ndash; 3&rsquo;20&rdquo;<br \/> 29 &#8211; Academia Daisa Poltronieri &ndash;Mazurka&ndash; 4&rsquo;20&rdquo;<br \/> 30 &#8211; Escola Municipal de Dan\u00e7a de Londrina -Solo Feminino Harlequinade&ndash; 2&rsquo;00&rdquo;<br \/> 31 &#8211; Grupo Erastos \/ BND -Quanto Tempo o Tempo Tem?&ndash; 5&rsquo;00&rdquo;<br \/> 32 &ndash; CONEXART -Solo La Bayad\u00e9re&ndash; 1&rsquo;19&rdquo;<br \/> 33 &#8211; FUNCART &#8211; Zona Norte -Varia\u00e7\u00e3o Masculina de Paquita&ndash; 1&rsquo;03&rdquo;<\/b><\/p>\n<p><b><br \/> INTERVALO<br \/> 34 &#8211; PS Brasil Cia de Dan\u00e7a &ndash;Chegamos&ndash; 4&rsquo;26&rdquo;<br \/> 35 &#8211; Grupo Erastos \/ BND -N\u00e3o o Poder de Recordar, Sim o Poder de Esquecer&ndash; 3&rsquo;15&rdquo;<br \/> 36 &#8211; Grupo de Dan\u00e7a Studio A -Minha Irm\u00e3 Minha Diva&ndash; 2&rsquo;12&rdquo;<br \/> 37 &#8211; Academia Nielice Camargo -Paysant na Gala&ndash; 1&rsquo;01&rdquo;<br \/> 38 &#8211; Escola Municipal de Dan\u00e7a de Londrina -Grand Pas de Deux O Cors\u00e1rio&ndash; 8&rsquo;00&rdquo;<br \/> 39 &#8211; Ballet Nara Dutra &ndash;Mandachuvas&ndash; 4&rsquo;02&rdquo;<br \/> 40 &#8211; Ballet Funda\u00e7\u00e3o Educere -Fluidez Inquieta&ndash; 2&rsquo;58&rdquo;<br \/> 41 &#8211; Ballet Pavlova de Apucarana &#8211; Xeque Mate -O Medo Joga com Voc\u00ea&ndash; 3&rsquo;21&rdquo;<br \/> 42 &#8211; Cia de Dan\u00e7a do Centro da Juventude -Estica e Puxa&ndash; 5&rsquo;00&rdquo;<br \/> 43 &#8211; Grupo Erastos \/ BND &ndash;Altivas&ndash; 4&rsquo;47&rdquo;<br \/> 44 &#8211; Maktub Dan\u00e7a do Ventre &ndash;Nefertiti&ndash; 3&rsquo;31&rdquo;<br \/> 45 &ndash; CONEXART -Solo Cupido&ndash; 1&rsquo;04&rdquo;<br \/> 46 &#8211; Escola Municipal de Dan\u00e7a de Londrina -Solo Fada A\u00e7ucarada O Quebra-Nozes&ndash; 2&rsquo;22&rdquo;<br \/> 47 &#8211; FUNCART &#8211; Zona Norte -Varia\u00e7\u00e3o Feminina de Giselle&ndash; 2&rsquo;04&rdquo;<br \/> 48 &#8211; Academia Nielice Camargo -As Deusas do Destino&ndash; 2&rsquo;26&rdquo;<br \/> 49 &#8211; Grupo Erastos \/ BND &ndash;Labuta&ndash; 3&rsquo;07&rdquo;<br \/> 50 &ndash; Freestyle &ndash;Self&ndash; 2&rsquo;00&rdquo;<br \/> 51 &#8211; Escola Municipal de Dan\u00e7a de Londrina -Desafio de Kitri&ndash; 1&rsquo;00&rdquo;<br \/> 52 &#8211; Academia Daisa Poltronieri &ndash;Tato&ndash; 3&rsquo;04&rdquo;<br \/> 53 &#8211; Escola Rui Barbosa &ndash;Obje\u00e7\u00e3o&ndash; 2&rsquo;30&rdquo;<br \/> 54 &#8211; Projeto em Movimento &ndash;Serene&ndash; 3&rsquo;20&rsquo;<br \/> 55 &#8211; Ballet Nara Dutra -O Fabuloso Destino de Amelie Poulain&ndash; 2&rsquo;32&rdquo;<br \/> 56 &#8211; Cia de Dan\u00e7a do Centro da Juventude -Na Lata&ndash; 5&rsquo;00&rdquo;<br \/> 57 &#8211; Academia Nielice Camargo -N\u00e3o Chore e Dance&ndash; 2&rsquo;20&rdquo;<br \/> 58 &ndash; CONEXART -Odalisca Alada&ndash; 2&rsquo;46&rdquo;<br \/> 59 &#8211; Escola Municipal de Dan\u00e7a de Londrina &ndash;Medora&ndash; 1&rsquo;27&rdquo;<br \/> 60 &#8211; Maktub Dan\u00e7a do Ventre -O Poder de Bastet&ndash; 3&rsquo;28&rdquo;<br \/> 61 &#8211; Grupo Magalh\u00e3es -Until We Die&ndash; 3&rsquo;34&rdquo;<br \/> 62 &#8211; Grupo Erastos \/ BND -Entre Dois Muros Marchemos&ndash; 8&rsquo;00&rdquo;<\/b><\/p>\n<p><\/p>\n","protected":false},"excerpt":{"rendered":"<p>Evento prossegue hoje e amanh&atilde; no Cine Teatro F&ecirc;nix<\/p>\n","protected":false},"author":4,"featured_media":0,"comment_status":"closed","ping_status":"closed","sticky":false,"template":"","format":"standard","meta":{"footnotes":""},"categories":[24],"tags":[],"class_list":["post-2806","post","type-post","status-publish","format-standard","hentry","category-noticias"],"acf":[],"_links":{"self":[{"href":"http:\/\/www.apucarana.pr.gov.br\/site\/wp-json\/wp\/v2\/posts\/2806","targetHints":{"allow":["GET"]}}],"collection":[{"href":"http:\/\/www.apucarana.pr.gov.br\/site\/wp-json\/wp\/v2\/posts"}],"about":[{"href":"http:\/\/www.apucarana.pr.gov.br\/site\/wp-json\/wp\/v2\/types\/post"}],"author":[{"embeddable":true,"href":"http:\/\/www.apucarana.pr.gov.br\/site\/wp-json\/wp\/v2\/users\/4"}],"replies":[{"embeddable":true,"href":"http:\/\/www.apucarana.pr.gov.br\/site\/wp-json\/wp\/v2\/comments?post=2806"}],"version-history":[{"count":1,"href":"http:\/\/www.apucarana.pr.gov.br\/site\/wp-json\/wp\/v2\/posts\/2806\/revisions"}],"predecessor-version":[{"id":104073,"href":"http:\/\/www.apucarana.pr.gov.br\/site\/wp-json\/wp\/v2\/posts\/2806\/revisions\/104073"}],"wp:attachment":[{"href":"http:\/\/www.apucarana.pr.gov.br\/site\/wp-json\/wp\/v2\/media?parent=2806"}],"wp:term":[{"taxonomy":"category","embeddable":true,"href":"http:\/\/www.apucarana.pr.gov.br\/site\/wp-json\/wp\/v2\/categories?post=2806"},{"taxonomy":"post_tag","embeddable":true,"href":"http:\/\/www.apucarana.pr.gov.br\/site\/wp-json\/wp\/v2\/tags?post=2806"}],"curies":[{"name":"wp","href":"https:\/\/api.w.org\/{rel}","templated":true}]}}