{"id":28057,"date":"2019-11-20T12:30:01","date_gmt":"2019-11-20T14:30:01","guid":{"rendered":"http:\/\/172.16.0.7\/site-antigo\/?p=28057"},"modified":"2024-10-08T09:19:39","modified_gmt":"2024-10-08T12:19:39","slug":"chegada-do-acelerador-linear-garante-radioterapia-no-providencia","status":"publish","type":"post","link":"http:\/\/www.apucarana.pr.gov.br\/site\/chegada-do-acelerador-linear-garante-radioterapia-no-providencia\/","title":{"rendered":"Chegada do acelerador linear garante radioterapia no Provid\u00eancia"},"content":{"rendered":"<p>Uma grande log\u00edstica foi montada para fazer o descarregamento do acelerador linear que vai garantir o atendimento de radioterapia em Apucarana. A Unidade de Tratamento de C\u00e2ncer do Hospital da Provid\u00eancia recebeu o equipamento nesta quarta-feira (20\/11), que \u00e9 o mais moderno do Paran\u00e1 e cuja pe\u00e7a principal pesa mais de cinco toneladas. Al\u00e9m de dois caminh\u00f5es, a opera\u00e7\u00e3o contou com guindaste e empilhadeira, sendo tamb\u00e9m necess\u00e1ria a interdi\u00e7\u00e3o parcial da Rua Os\u00f3rio Ribas de Paula.<br \/>\nO in\u00edcio dos trabalhos foi acompanhado pelo prefeito de Apucarana, Junior da Femac, por Altimar Carletto, chefe da 16\u00aa Regional de Sa\u00fade, pela diretora-geral do hospital, irm\u00e3 Geovana Aparecida Ramos, e pelo diretor-executivo, Guilherme Borges, al\u00e9m de m\u00e9dicos, profissionais do setor de oncologia e pacientes.<br \/>\nClassificando o momento como hist\u00f3rico, Junior da Femac lembrou que o acelerador linear foi viabilizado mediante a intermedia\u00e7\u00e3o do ex-prefeito e atual secret\u00e1rio de Estado da Sa\u00fade, Beto Preto, e do deputado federal S\u00e9rgio Souza, junto \u00e0 dire\u00e7\u00e3o da Itaipu Binacional. O equipamento importado dos Estados Unidos teve um custo de cerca de R$ 5 milh\u00f5es. \u201cVivemos em Apucarana um momento de uni\u00e3o em torno da cidade, em todos os setores, o que proporciona que coisas maravilhosas como essa aconte\u00e7am. At\u00e9 pouco tempo atr\u00e1s era impens\u00e1vel que Apucarana teria o equipamento de radioterapia mais moderno do Paran\u00e1 e um dos mais modernos do Pa\u00eds\u201d, ressalta.<br \/>\nJunior da Femac tamb\u00e9m salienta a uni\u00e3o da Prefeitura, Hospital da Provid\u00eancia e sociedade civil organizada para viabilizar os recursos para a constru\u00e7\u00e3o da Unidade de Tratamento de C\u00e2ncer. \u201cO Munic\u00edpio, com a aprova\u00e7\u00e3o da C\u00e2mara de Vereadores, repassou R$ 1 milh\u00e3o como contribui\u00e7\u00e3o para a constru\u00e7\u00e3o da unidade onde o acelerador est\u00e1 sendo instalado. A obra come\u00e7ou em fevereiro e j\u00e1 est\u00e1 95% finalizada. Tudo aconteceu conforme planejado. Enquanto o equipamento era produzido nos Estados Unidos, as obras da unidade eram executadas e tudo transcorreu no tempo exato\u201d, avalia, lembrando que o investimento total na unidade ser\u00e1 de cerca de R$ 8 milh\u00f5es, somando a estrutura f\u00edsica e equipamentos.<br \/>\nO prefeito destaca que o Hospital da Provid\u00eancia j\u00e1 mantinha um centro de oncologia, com consultas, quimioterapia e cirurgias. \u201cA partir de agora, o setor estar\u00e1 completo com o servi\u00e7o de radioterapia e os pacientes n\u00e3o precisar\u00e3o mais se deslocar at\u00e9 Londrina para serem atendidos. Quem tem um familiar que j\u00e1 fez radioterapia sabe como o paciente sai das sess\u00f5es. Nas primeiras, a pessoa responde bem, mas na terceira ou quarta sess\u00e3o Londrina j\u00e1 come\u00e7a a ficar bastante distante, pois o paciente vai se debilitando durante o tratamento\u201d, pontua.<br \/>\nDe acordo com a irm\u00e3 Geovana, o equipamento levar\u00e1 cerca de dois meses para ser totalmente montado. Nos pr\u00f3ximos dias, uma equipe de especialistas norte-americanos vai trabalhar na instala\u00e7\u00e3o do aparelho. \u201cO equipamento veio totalmente desmontado. Acreditamos que os t\u00e9cnicos e engenheiros levar\u00e3o duas semanas para montar a base e mais uns 30 ou 40 dias para montar o restante. \u00c9 um servi\u00e7o complexo, que envolve mec\u00e2nica, log\u00edstica de dados e informatiza\u00e7\u00e3o\u201d, explica a diretora do hospital.<br \/>\nAinda de acordo com a irm\u00e3 Geovana, o ambiente onde ficar\u00e1 o aparelho de radioterapia foi devidamente preparado para a coloca\u00e7\u00e3o do equipamento. \u201cAs paredes da sala t\u00eam uma grande espessura e s\u00e3o revestidas com a\u00e7o para isolar a radia\u00e7\u00e3o liberada pelo aparelho\u201d, frisa, afirmando que a estrutura dever\u00e1 atender 70 pessoas diariamente. \u201cCaso tiver ainda mais procura, vamos abrir um terceiro turno e se for necess\u00e1rio vamos atender \u00e0 noite tamb\u00e9m para que n\u00e3o haja fila de espera. Esse \u00e9 o nosso compromisso com a popula\u00e7\u00e3o e os nossos apoiadores\u201d, reitera.<br \/>\nCom \u00e1rea total de 368 metros quadrados, al\u00e9m do bunker que receber\u00e1 o equipamento, a unidade de radioterapia contar\u00e1 com uma \u00e1rea de apoio composta por sala de espera do acelerador linear, posto de comando do acelerador linear, sala de espera, box de troca de roupa, sala de confec\u00e7\u00e3o de m\u00e1scaras, dois consult\u00f3rios, sala de planejamento, copa, DML, sala de atividades e banheiros.<\/p>\n","protected":false},"excerpt":{"rendered":"<p>O equipamento importado dos Estados Unidos teve um custo de cerca de R$ 5 milh\u00f5es. (Foto: PMA)<\/p>\n","protected":false},"author":4,"featured_media":28059,"comment_status":"closed","ping_status":"open","sticky":false,"template":"","format":"standard","meta":{"footnotes":""},"categories":[24],"tags":[],"class_list":["post-28057","post","type-post","status-publish","format-standard","has-post-thumbnail","hentry","category-noticias"],"acf":[],"_links":{"self":[{"href":"http:\/\/www.apucarana.pr.gov.br\/site\/wp-json\/wp\/v2\/posts\/28057","targetHints":{"allow":["GET"]}}],"collection":[{"href":"http:\/\/www.apucarana.pr.gov.br\/site\/wp-json\/wp\/v2\/posts"}],"about":[{"href":"http:\/\/www.apucarana.pr.gov.br\/site\/wp-json\/wp\/v2\/types\/post"}],"author":[{"embeddable":true,"href":"http:\/\/www.apucarana.pr.gov.br\/site\/wp-json\/wp\/v2\/users\/4"}],"replies":[{"embeddable":true,"href":"http:\/\/www.apucarana.pr.gov.br\/site\/wp-json\/wp\/v2\/comments?post=28057"}],"version-history":[{"count":1,"href":"http:\/\/www.apucarana.pr.gov.br\/site\/wp-json\/wp\/v2\/posts\/28057\/revisions"}],"predecessor-version":[{"id":99964,"href":"http:\/\/www.apucarana.pr.gov.br\/site\/wp-json\/wp\/v2\/posts\/28057\/revisions\/99964"}],"wp:featuredmedia":[{"embeddable":true,"href":"http:\/\/www.apucarana.pr.gov.br\/site\/wp-json\/"}],"wp:attachment":[{"href":"http:\/\/www.apucarana.pr.gov.br\/site\/wp-json\/wp\/v2\/media?parent=28057"}],"wp:term":[{"taxonomy":"category","embeddable":true,"href":"http:\/\/www.apucarana.pr.gov.br\/site\/wp-json\/wp\/v2\/categories?post=28057"},{"taxonomy":"post_tag","embeddable":true,"href":"http:\/\/www.apucarana.pr.gov.br\/site\/wp-json\/wp\/v2\/tags?post=28057"}],"curies":[{"name":"wp","href":"https:\/\/api.w.org\/{rel}","templated":true}]}}