{"id":28048,"date":"2019-11-19T17:28:35","date_gmt":"2019-11-19T19:28:35","guid":{"rendered":"http:\/\/172.16.0.7\/site-antigo\/?p=28048"},"modified":"2024-10-08T09:19:39","modified_gmt":"2024-10-08T12:19:39","slug":"apucarana-tem-programacao-especial-para-campanha-internacional","status":"publish","type":"post","link":"http:\/\/www.apucarana.pr.gov.br\/site\/apucarana-tem-programacao-especial-para-campanha-internacional\/","title":{"rendered":"Apucarana tem programa\u00e7\u00e3o especial para campanha internacional"},"content":{"rendered":"<p>Come\u00e7a amanh\u00e3 (20\/11) e se estende at\u00e9 10 de dezembro a campanha internacional \u201c16 Dias de Ativismo pelo Fim da Viol\u00eancia contra a Mulher\u201d que, desde 1991, anualmente, mobiliza cerca de 160 pa\u00edses. A secretaria da Mulher e Assuntos da Fam\u00edlia (Semaf) promove uma s\u00e9rie de atividades nas pr\u00f3ximas semanas no intuito de chamar aten\u00e7\u00e3o e sensibilizar a sociedade para as diversas formas de viol\u00eancia de g\u00eanero.<br \/>\nEstat\u00edsticas apontam que 1,6 milh\u00e3o de mulheres foram espancadas ou sofreram tentativa de estrangulamento no Brasil entre 2017 e 2018, enquanto 22 milh\u00f5es delas enfrentaram ass\u00e9dio. Segundo a ONG F\u00f3rum Brasileiro de Seguran\u00e7a P\u00fablica, 52% das mulheres em situa\u00e7\u00e3o de viol\u00eancia n\u00e3o denunciam o agressor. O Minist\u00e9rio da Sa\u00fade revela que a cada quatro minutos, uma mulher \u00e9 agredida por um homem \u2013 e sobrevive. Nos registros de viol\u00eancia sexual, sete em cada dez v\u00edtimas s\u00e3o crian\u00e7as e adolescentes com idade at\u00e9 19 anos.<br \/>\nDando in\u00edcio \u00e0 campanha no munic\u00edpio, nesta quarta-feira (20), a equipe da Semaf far\u00e1 uma capacita\u00e7\u00e3o com os cinco novos conselheiros tutelares da crian\u00e7a e adolescente, da qual participam tamb\u00e9m os 11 suplentes, outros profissionais e representantes de entidades que prestam servi\u00e7os de atendimento a esse p\u00fablico. \u00c0 noite, a equipe participa de uma capacita\u00e7\u00e3o no anfiteatro da Universidade de Maring\u00e1, quando ser\u00e1 exibido o document\u00e1rio \u201cO Sil\u00eancio dos Homens\u201d, seguido de debate sobre as masculinidades t\u00f3xicas.<br \/>\nDe acordo com a secret\u00e1ria da Mulher Denise Canesin, a campanha \u00e9 muito significativa e cara \u00e0 quest\u00e3o da viol\u00eancia contra a mulher. \u201cNesses dias da campanha, intensificamos a import\u00e2ncia da visibilidade \u00e0s quest\u00f5es da viola\u00e7\u00e3o de direitos relacionadas \u00e0s mulheres, principalmente \u00e0 viol\u00eancia dom\u00e9stica, que no Brasil acomete uma mulher a cada quatro minutos. A Semaf, por interm\u00e9dio do CAM, que \u00e9 o servi\u00e7o especializado de atendimento \u00e0 mulher em situa\u00e7\u00e3o de viol\u00eancia dom\u00e9stica, articula a\u00e7\u00f5es preventivas e de sensibiliza\u00e7\u00e3o junto a organismos p\u00fablicos e privados simpatizantes da causa\u201d, afirma.<br \/>\nNa semana que vem (25 a 29\/11), a Semaf realiza diversas a\u00e7\u00f5es de sensibiliza\u00e7\u00e3o em projetos e entidades com o tema \u201cRelacionamento abusivo: como identificar e o que fazer\u201d. Al\u00e9m disso, na sexta-feira (29), os conselhos Comunit\u00e1rio de Seguran\u00e7a (Conseg) e Municipal dos Direitos da Mulher (CMDM), ao lado dos clubes de Rotary e da Associa\u00e7\u00e3o das Senhoras Rotarianas, promovem um encontro com o capit\u00e3o da PM Vilson Laurentino da Silva, que falar\u00e1 sobre a nova situa\u00e7\u00e3o da Pol\u00edcia Militar frente \u00e0 viol\u00eancia contra a mulher, no evento \u201cLa\u00e7o Branco: Campanha dos Homens pelo Fim da Viol\u00eancia Contra a Mulher\u201d, na Casa da Amizade.<br \/>\nNos dias 2 e 3 de dezembro o \u00d4nibus Lil\u00e1s prestar\u00e1 servi\u00e7os interdisciplinares \u00e0s comunidades, oferecendo atendimento especializado em psicologia, na \u00e1rea jur\u00eddica e de servi\u00e7o social. No dia 2 o \u00f4nibus estar\u00e1 na UTFPR e no dia 3 no Distrito Correia de Freitas. Finalmente, no dia 10, Dia Internacional dos Direitos Humanos, a campanha \u00e9 finalizada em parceria com o Escrit\u00f3rio Regional da secretaria Estadual de Fam\u00edlia, Justi\u00e7a e Trabalho com o \u201c1\u00ba Semin\u00e1rio Regional de Fortalecimento da Macrorrede de Atendimento \u00e0 Mulher, nas depend\u00eancias do Crea-PR (Conselho Regional de Engenharia e Agronomia).<\/p>\n","protected":false},"excerpt":{"rendered":"<p>\u201c16 Dias de Ativismo pelo Fim da Viol\u00eancia contra a Mulher\u201d s\u00e3o marcados por atividades de sensibiliza\u00e7\u00e3o da sociedade diante da viol\u00eancia de g\u00eanero <\/p>\n","protected":false},"author":4,"featured_media":28049,"comment_status":"closed","ping_status":"open","sticky":false,"template":"","format":"standard","meta":{"footnotes":""},"categories":[24],"tags":[],"class_list":["post-28048","post","type-post","status-publish","format-standard","has-post-thumbnail","hentry","category-noticias"],"acf":[],"_links":{"self":[{"href":"http:\/\/www.apucarana.pr.gov.br\/site\/wp-json\/wp\/v2\/posts\/28048","targetHints":{"allow":["GET"]}}],"collection":[{"href":"http:\/\/www.apucarana.pr.gov.br\/site\/wp-json\/wp\/v2\/posts"}],"about":[{"href":"http:\/\/www.apucarana.pr.gov.br\/site\/wp-json\/wp\/v2\/types\/post"}],"author":[{"embeddable":true,"href":"http:\/\/www.apucarana.pr.gov.br\/site\/wp-json\/wp\/v2\/users\/4"}],"replies":[{"embeddable":true,"href":"http:\/\/www.apucarana.pr.gov.br\/site\/wp-json\/wp\/v2\/comments?post=28048"}],"version-history":[{"count":1,"href":"http:\/\/www.apucarana.pr.gov.br\/site\/wp-json\/wp\/v2\/posts\/28048\/revisions"}],"predecessor-version":[{"id":99965,"href":"http:\/\/www.apucarana.pr.gov.br\/site\/wp-json\/wp\/v2\/posts\/28048\/revisions\/99965"}],"wp:featuredmedia":[{"embeddable":true,"href":"http:\/\/www.apucarana.pr.gov.br\/site\/wp-json\/"}],"wp:attachment":[{"href":"http:\/\/www.apucarana.pr.gov.br\/site\/wp-json\/wp\/v2\/media?parent=28048"}],"wp:term":[{"taxonomy":"category","embeddable":true,"href":"http:\/\/www.apucarana.pr.gov.br\/site\/wp-json\/wp\/v2\/categories?post=28048"},{"taxonomy":"post_tag","embeddable":true,"href":"http:\/\/www.apucarana.pr.gov.br\/site\/wp-json\/wp\/v2\/tags?post=28048"}],"curies":[{"name":"wp","href":"https:\/\/api.w.org\/{rel}","templated":true}]}}