{"id":28042,"date":"2019-11-19T15:19:42","date_gmt":"2019-11-19T17:19:42","guid":{"rendered":"http:\/\/172.16.0.7\/site-antigo\/?p=28042"},"modified":"2024-10-08T09:19:39","modified_gmt":"2024-10-08T12:19:39","slug":"revisao-do-plano-diretor-tem-oficinas-comunitarias-nos-distritos","status":"publish","type":"post","link":"http:\/\/www.apucarana.pr.gov.br\/site\/revisao-do-plano-diretor-tem-oficinas-comunitarias-nos-distritos\/","title":{"rendered":"Revis\u00e3o do Plano Diretor tem oficinas comunit\u00e1rias nos distritos \u00a0"},"content":{"rendered":"<p>A discuss\u00e3o sobre a revis\u00e3o do Plano Diretor de Apucarana, que vem acontecendo desde mar\u00e7o, entra na terceira fase com a realiza\u00e7\u00e3o neste final de novembro de oficinas comunit\u00e1rias nos quatro distritos de Apucarana e no Cine Teatro F\u00eanix. As duas primeiras acontecem amanh\u00e3 (20), no sal\u00e3o comunit\u00e1rio do Distrito da Vila Reis e de Correia de Freitas, \u00e0s 19h30 e 20 horas, respectivamente.<br \/>\nNesta quinta-feira (21) \u00e9 a vez dos distritos do Pirap\u00f3, no Centro Comunit\u00e1rio, \u00e0s 19h30, e Caixa de S\u00e3o Pedro, no Sal\u00e3o Comunit\u00e1rio da Igreja Cat\u00f3lica, \u00e0s 19h45. Na pr\u00f3xima segunda-feira, a oficina comunit\u00e1ria ser\u00e1 realizada no Cine Teatro F\u00eanix, \u00e0s 19 horas.<br \/>\nEsta \u00e9 a segunda vez que a coordena\u00e7\u00e3o da revis\u00e3o do Plano diretor promove oficinas comunit\u00e1rias nos quatro distritos de Apucarana e no Cine Teatro Fenix. A primeira foi em julho.<br \/>\n\u201cNesta fase 3, as oficinas t\u00eam por objetivo definir diretrizes de (re) ordenamento territorial, instrumentos urban\u00edsticos e propostas para garantir os direitos \u00e0 cidade sustent\u00e1vel. \u00c9 o momento para a popula\u00e7\u00e3o propor melhorias para a nossa cidade\u201d, afirma a engenheira da Secretaria de Obras, Caroline Moreira.<br \/>\nAl\u00e9m oficinas comunit\u00e1rias, o processo de discuss\u00e3o para revis\u00e3o do plano diretor teve a realiza\u00e7\u00e3o de uma s\u00e9rie de reuni\u00f5es t\u00e9cnicas com segmentos, como imobiliaristas, saneamento e meio ambiente, constru\u00e7\u00e3o civil e com\u00e9rcio, e ainda duas audi\u00eancias p\u00fablicas.<br \/>\nO prefeito Junior da Femac e o secret\u00e1rio municipal de obras, engenheiro Herivelto Moreno, conclamam os moradores dos distritos a participarem das oficinas e, ao mesmo tempo, apresentarem as suas sugest\u00f5es de servi\u00e7os e obras para os pr\u00f3ximos anos.<br \/>\n\u201cA Lei n\u00b0 10.257, de 10 de Julho de 2001, que \u00e9 o Estatuto das Cidades, determina a Revis\u00e3o do Plano Diretor Municipal e \u00e9 isso que estamos cumprindo nesse momento\u201d, explica o prefeito Junior da Femac.<br \/>\nO Plano Diretor consiste num conjunto de leis que contemplam o desenvolvimento, zoneamento e per\u00edmetro urbano, uso e ocupa\u00e7\u00e3o do Solo, edifica\u00e7\u00f5es e sistema vi\u00e1rio, al\u00e9m do c\u00f3digo de posturas. A formata\u00e7\u00e3o do documento est\u00e1 sendo executada em conjunto pelo Instituto de Desenvolvimento, Pesquisa e Planejamento de Apucarana (Idepplan)\u00a0 e a Consultoria DRZ-Gest\u00e3o de Cidades, empresa vencedora da licita\u00e7\u00e3o.<br \/>\nAtualmente encontra-se em vigor uma vers\u00e3o parcialmente atualizada do plano diretor de 2008, que passou por alguns ajustes no ano de 2015.<br \/>\n&nbsp;<br \/>\n&nbsp;<\/p>\n","protected":false},"excerpt":{"rendered":"<p>Eventos acontecem em Caixa de S\u00e3o Pedro, Pirap\u00f3, Correia de Freitas e Vila Reis<\/p>\n","protected":false},"author":4,"featured_media":28043,"comment_status":"closed","ping_status":"open","sticky":false,"template":"","format":"standard","meta":{"footnotes":""},"categories":[24],"tags":[],"class_list":["post-28042","post","type-post","status-publish","format-standard","has-post-thumbnail","hentry","category-noticias"],"acf":[],"_links":{"self":[{"href":"http:\/\/www.apucarana.pr.gov.br\/site\/wp-json\/wp\/v2\/posts\/28042","targetHints":{"allow":["GET"]}}],"collection":[{"href":"http:\/\/www.apucarana.pr.gov.br\/site\/wp-json\/wp\/v2\/posts"}],"about":[{"href":"http:\/\/www.apucarana.pr.gov.br\/site\/wp-json\/wp\/v2\/types\/post"}],"author":[{"embeddable":true,"href":"http:\/\/www.apucarana.pr.gov.br\/site\/wp-json\/wp\/v2\/users\/4"}],"replies":[{"embeddable":true,"href":"http:\/\/www.apucarana.pr.gov.br\/site\/wp-json\/wp\/v2\/comments?post=28042"}],"version-history":[{"count":1,"href":"http:\/\/www.apucarana.pr.gov.br\/site\/wp-json\/wp\/v2\/posts\/28042\/revisions"}],"predecessor-version":[{"id":99967,"href":"http:\/\/www.apucarana.pr.gov.br\/site\/wp-json\/wp\/v2\/posts\/28042\/revisions\/99967"}],"wp:featuredmedia":[{"embeddable":true,"href":"http:\/\/www.apucarana.pr.gov.br\/site\/wp-json\/"}],"wp:attachment":[{"href":"http:\/\/www.apucarana.pr.gov.br\/site\/wp-json\/wp\/v2\/media?parent=28042"}],"wp:term":[{"taxonomy":"category","embeddable":true,"href":"http:\/\/www.apucarana.pr.gov.br\/site\/wp-json\/wp\/v2\/categories?post=28042"},{"taxonomy":"post_tag","embeddable":true,"href":"http:\/\/www.apucarana.pr.gov.br\/site\/wp-json\/wp\/v2\/tags?post=28042"}],"curies":[{"name":"wp","href":"https:\/\/api.w.org\/{rel}","templated":true}]}}