{"id":2804,"date":"2015-05-01T14:28:00","date_gmt":"2015-05-01T14:28:00","guid":{"rendered":"http:\/\/172.16.0.7\/site-antigo\/?p=2804"},"modified":"2024-10-08T09:10:57","modified_gmt":"2024-10-08T12:10:57","slug":"pre-conferencia-debate-plano-municipal-de-educacao","status":"publish","type":"post","link":"http:\/\/www.apucarana.pr.gov.br\/site\/pre-conferencia-debate-plano-municipal-de-educacao\/","title":{"rendered":"Pr\u00e9-confer\u00eancia debate Plano Municipal de Educa\u00e7\u00e3o"},"content":{"rendered":"<p><p>A Prefeitura de Apucarana, atrav\u00e9s da Autarquia Municipal de Educa\u00e7\u00e3o, realizou na \u00faltima quinta-feira (30\/04) a sua pr\u00e9-confer\u00eancia para a constru\u00e7\u00e3o do Plano Municipal de Educa\u00e7\u00e3o (PME). O evento foi sediado na Associa\u00e7\u00e3o Cultural e Esportiva (ACEA) e contou com p\u00fablico de mais de 800 pessoas, entre autoridades do governo e da sociedade civil e representantes de todas as esferas de ensino.<\/p>\n<p>O PME \u00e9 um planejamento para a educa\u00e7\u00e3o apucaranense, que estipula a\u00e7\u00f5es e metas a serem atingidas pelo munic\u00edpio em um prazo de dez anos. Ele engloba tanto as escolas municipais e estaduais como as particulares, abrangendo desde a educa\u00e7\u00e3o infantil at\u00e9 os ensinos superior e profissionalizante.<\/p>\n<p>A sua cria\u00e7\u00e3o \u00e9 uma exig\u00eancia do governo federal que, por meio da lei n&deg; 13.005\/2014, determina que os Estados e Munic\u00edpios ajustem os seus projetos ao Plano Nacional de Educa\u00e7\u00e3o.<\/p>\n<p>De acordo com a diretora-presidente da AME, professora Marli Fernandes, reuni\u00f5es com os setores envolvidos j\u00e1 v\u00eam sendo realizadas desde setembro do ano passado. &#8220;Nesses encontros, n\u00f3s fizemos um diagn\u00f3stico preciso da educa\u00e7\u00e3o municipal atual, levando em conta t\u00f3picos como a estrutura da rede escolar, as taxas de analfabetismo, de reprova\u00e7\u00e3o e de evas\u00e3o, a adequa\u00e7\u00e3o da idade-s\u00e9rie e o plano de carreira dos professores&#8221;, afirmou.<\/p>\n<p>Durante a pr\u00e9-confer\u00eancia, o diagn\u00f3stico foi apresentado aos presentes e tamb\u00e9m as vinte metas que compor\u00e3o o PME. &#8220;As a\u00e7\u00f5es previstas dizem respeito \u00e0 universaliza\u00e7\u00e3o da educa\u00e7\u00e3o infantil e dos ensinos fundamental e m\u00e9dio, \u00e0 alfabetiza\u00e7\u00e3o de todos os alunos at\u00e9 o final do 3&deg; ano, \u00e0 eleva\u00e7\u00e3o da escolaridade m\u00e9dia da popula\u00e7\u00e3o, \u00e0 eleva\u00e7\u00e3o do n\u00famero de matr\u00edculas nos ensinos superior e profissionalizante, \u00e0 valoriza\u00e7\u00e3o dos profissionais do magist\u00e9rio, entre outros temas&#8221;, detalhou Marli.<\/p>\n<p>Al\u00e9m disso, o p\u00fablico tamb\u00e9m p&ocirc;de visitar diversos stands e conhecer melhor a realidade da educa\u00e7\u00e3o apucaranense. &#8220;Foram expostos os materiais did\u00e1ticos, os uniformes e os mobili\u00e1rios recebidos pelas escolas e centros de educa\u00e7\u00e3o infantil municipais, mas tamb\u00e9m haviam espa\u00e7os destinados ao N\u00facleo Regional de Educa\u00e7\u00e3o e a parceiros como o SESI, que trouxe uma bel\u00edssima apresenta\u00e7\u00e3o de novas tecnologias e rob\u00f3tica&#8221;, acrescentou.<\/p>\n<p>O prefeito Beto Preto aproveitou a ocasi\u00e3o para dar uma boa not\u00edcia para a rede municipal de ensino. &#8220;Eu assinei ontem a autoriza\u00e7\u00e3o de convoca\u00e7\u00e3o de mais 195 servidores, sendo 75 professores, 70 assistentes infantis e 50 auxiliares de servi\u00e7os gerais. As novas contrata\u00e7\u00f5es v\u00e3o assegurar que continuemos cumprindo regularmente os direitos dos profissionais, como as licen\u00e7as-pr\u00eamio administrativas e judiciais&#8221;, garantiu.<\/p>\n<p>O Plano Municipal de Educa\u00e7\u00e3o ainda dever\u00e1 ser aprovado por assembleia durante a Confer\u00eancia Municipal de Educa\u00e7\u00e3o, que est\u00e1 agendada para os pr\u00f3ximos dias 15 e 16 de maio, e passar\u00e1 pela avalia\u00e7\u00e3o dos vereadores antes de seguir para a san\u00e7\u00e3o do prefeito Beto Preto, quando ser\u00e1 transformado em lei municipal.<\/p>\n<p><\/p>\n","protected":false},"excerpt":{"rendered":"<p>O PME &eacute; um planejamento para a educa&ccedil;&atilde;o apucaranense, que estipula a&ccedil;&otilde;es e metas a serem atingidas pelo munic&iacute;pio em um prazo de dez anos. <\/p>\n","protected":false},"author":4,"featured_media":0,"comment_status":"closed","ping_status":"closed","sticky":false,"template":"","format":"standard","meta":{"footnotes":""},"categories":[24],"tags":[],"class_list":["post-2804","post","type-post","status-publish","format-standard","hentry","category-noticias"],"acf":[],"_links":{"self":[{"href":"http:\/\/www.apucarana.pr.gov.br\/site\/wp-json\/wp\/v2\/posts\/2804","targetHints":{"allow":["GET"]}}],"collection":[{"href":"http:\/\/www.apucarana.pr.gov.br\/site\/wp-json\/wp\/v2\/posts"}],"about":[{"href":"http:\/\/www.apucarana.pr.gov.br\/site\/wp-json\/wp\/v2\/types\/post"}],"author":[{"embeddable":true,"href":"http:\/\/www.apucarana.pr.gov.br\/site\/wp-json\/wp\/v2\/users\/4"}],"replies":[{"embeddable":true,"href":"http:\/\/www.apucarana.pr.gov.br\/site\/wp-json\/wp\/v2\/comments?post=2804"}],"version-history":[{"count":1,"href":"http:\/\/www.apucarana.pr.gov.br\/site\/wp-json\/wp\/v2\/posts\/2804\/revisions"}],"predecessor-version":[{"id":104075,"href":"http:\/\/www.apucarana.pr.gov.br\/site\/wp-json\/wp\/v2\/posts\/2804\/revisions\/104075"}],"wp:attachment":[{"href":"http:\/\/www.apucarana.pr.gov.br\/site\/wp-json\/wp\/v2\/media?parent=2804"}],"wp:term":[{"taxonomy":"category","embeddable":true,"href":"http:\/\/www.apucarana.pr.gov.br\/site\/wp-json\/wp\/v2\/categories?post=2804"},{"taxonomy":"post_tag","embeddable":true,"href":"http:\/\/www.apucarana.pr.gov.br\/site\/wp-json\/wp\/v2\/tags?post=2804"}],"curies":[{"name":"wp","href":"https:\/\/api.w.org\/{rel}","templated":true}]}}