{"id":28031,"date":"2019-11-19T15:13:42","date_gmt":"2019-11-19T17:13:42","guid":{"rendered":"http:\/\/172.16.0.7\/site-antigo\/?p=28031"},"modified":"2024-10-08T09:19:39","modified_gmt":"2024-10-08T12:19:39","slug":"instituto-federal-do-parana-realiza-a-formatura-de-80-alunos-em-apucarana","status":"publish","type":"post","link":"http:\/\/www.apucarana.pr.gov.br\/site\/instituto-federal-do-parana-realiza-a-formatura-de-80-alunos-em-apucarana\/","title":{"rendered":"Instituto Federal do Paran\u00e1 realiza a formatura de 80 alunos em Apucarana"},"content":{"rendered":"<p>A Prefeitura de Apucarana, a Autarquia Municipal de Educa\u00e7\u00e3o e o Instituto Federal do Paran\u00e1 (IFPR) realizaram, na noite de ontem (18), no Cine Teatro F\u00eanix, a solenidade de formatura dos 80 alunos que conclu\u00edram os cursos t\u00e9cnicos, subsequentes do ensino m\u00e9dio, de Administra\u00e7\u00e3o, Log\u00edstica, Seguran\u00e7a do Trabalho, Meio Ambiente e Agente Comunit\u00e1rio de Sa\u00fade.<br \/>\nA cerim\u00f4nia foi conduzida pela secret\u00e1ria municipal de educa\u00e7\u00e3o Marli Fernandes, que representou no ato o reitor <em>pro tempore<\/em> do IFPR Odacir Antonio Zanata. \u201cEu me sinto honrada em participar deste momento de j\u00fabilo para os formandos. A sociedade moderna \u00e9 din\u00e2mica e exige a atualiza\u00e7\u00e3o constante dos conhecimentos. Parab\u00e9ns a todos pelo esfor\u00e7o e dedica\u00e7\u00e3o empregados na conquista dos t\u00edtulos de tecn\u00f3logos,\u201d congratulou.<br \/>\nO prefeito J\u00fanior da Femac frisou que a pasta da educa\u00e7\u00e3o \u00e9 considerada priorit\u00e1ria em Apucarana. \u201cDesde 2013, quando o Beto Preto e eu assumimos o executivo, n\u00f3s temos investido sistematicamente na forma\u00e7\u00e3o dos cidad\u00e3os, desde o ensino b\u00e1sico at\u00e9 o profissionalizante e o superior. O nosso Polo UAB \u00e9 um dos maiores do estado, com mais de mil alunos matriculados e nove universidades parceiras,\u201d disse o gestor.<br \/>\nOs cursos t\u00e9cnicos do IFPR atra\u00edram estudantes de diversas cidades, como Maril\u00e2ndia do Sul, Arapongas, Mau\u00e1 da Serra, Calif\u00f3rnia, Mandaguari, Cambira, Centen\u00e1rio do Sul e Apucarana. Ao todo, 20 acad\u00eamicos conclu\u00edram a forma\u00e7\u00e3o em Administra\u00e7\u00e3o, 28 em Seguran\u00e7a do Trabalho, 13 em Meio Ambiente, 8 em Log\u00edstica e 11 em Agente Comunit\u00e1rio de Sa\u00fade. A carga hor\u00e1ria variou entre 874 e 1264 horas.<br \/>\n\u201cEste foi o primeiro curso que realizei por meio do IFPR, mas posso dizer que estou satisfeito. Os tutores Claudemir Ockner e Fernando Jos\u00e9 de Freitas nos ajudaram bastante com as atividades e o Polo UAB possui uma estrutura muito boa, com internet dispon\u00edvel e \u00f3tima localiza\u00e7\u00e3o,\u201d afirmou o acad\u00eamico \u00c9der Rossetti, que concluiu a forma\u00e7\u00e3o de Agente Comunit\u00e1rio de Sa\u00fade.<br \/>\nRecentemente, o prefeito J\u00fanior da Femac esteve em Curitiba e participou de uma reuni\u00e3o com o diretor geral de educa\u00e7\u00e3o a dist\u00e2ncia do IFPR, Marcos Ant\u00f4nio Barbosa. \u201cN\u00f3s acertamos a renova\u00e7\u00e3o da parceria e vamos trazer mais cursos para os jovens e adultos da cidade. A Autarquia Municipal de Educa\u00e7\u00e3o e o Polo UAB j\u00e1 est\u00e3o preparando a documenta\u00e7\u00e3o e definindo os tutores presenciais para a abertura de novas turmas de Administra\u00e7\u00e3o, Meio Ambiente, Log\u00edstica e Agente Comunit\u00e1rio de Sa\u00fade,\u201d adiantou o gestor.<\/p>\n","protected":false},"excerpt":{"rendered":"<p>Eles conclu\u00edram os cursos t\u00e9cnicos, subsequentes do ensino m\u00e9dio, de Administra\u00e7\u00e3o, Log\u00edstica, Seguran\u00e7a do Trabalho, Meio Ambiente e Agente Comunit\u00e1rio de Sa\u00fade <\/p>\n","protected":false},"author":4,"featured_media":28038,"comment_status":"closed","ping_status":"open","sticky":false,"template":"","format":"standard","meta":{"footnotes":""},"categories":[24],"tags":[],"class_list":["post-28031","post","type-post","status-publish","format-standard","has-post-thumbnail","hentry","category-noticias"],"acf":[],"_links":{"self":[{"href":"http:\/\/www.apucarana.pr.gov.br\/site\/wp-json\/wp\/v2\/posts\/28031","targetHints":{"allow":["GET"]}}],"collection":[{"href":"http:\/\/www.apucarana.pr.gov.br\/site\/wp-json\/wp\/v2\/posts"}],"about":[{"href":"http:\/\/www.apucarana.pr.gov.br\/site\/wp-json\/wp\/v2\/types\/post"}],"author":[{"embeddable":true,"href":"http:\/\/www.apucarana.pr.gov.br\/site\/wp-json\/wp\/v2\/users\/4"}],"replies":[{"embeddable":true,"href":"http:\/\/www.apucarana.pr.gov.br\/site\/wp-json\/wp\/v2\/comments?post=28031"}],"version-history":[{"count":1,"href":"http:\/\/www.apucarana.pr.gov.br\/site\/wp-json\/wp\/v2\/posts\/28031\/revisions"}],"predecessor-version":[{"id":99968,"href":"http:\/\/www.apucarana.pr.gov.br\/site\/wp-json\/wp\/v2\/posts\/28031\/revisions\/99968"}],"wp:featuredmedia":[{"embeddable":true,"href":"http:\/\/www.apucarana.pr.gov.br\/site\/wp-json\/"}],"wp:attachment":[{"href":"http:\/\/www.apucarana.pr.gov.br\/site\/wp-json\/wp\/v2\/media?parent=28031"}],"wp:term":[{"taxonomy":"category","embeddable":true,"href":"http:\/\/www.apucarana.pr.gov.br\/site\/wp-json\/wp\/v2\/categories?post=28031"},{"taxonomy":"post_tag","embeddable":true,"href":"http:\/\/www.apucarana.pr.gov.br\/site\/wp-json\/wp\/v2\/tags?post=28031"}],"curies":[{"name":"wp","href":"https:\/\/api.w.org\/{rel}","templated":true}]}}