{"id":2803,"date":"2015-04-30T17:10:59","date_gmt":"2015-04-30T17:10:59","guid":{"rendered":"http:\/\/172.16.0.7\/site-antigo\/?p=2803"},"modified":"2024-10-08T09:10:57","modified_gmt":"2024-10-08T12:10:57","slug":"acea-lanca-a-21-festa-da-cerejeira","status":"publish","type":"post","link":"http:\/\/www.apucarana.pr.gov.br\/site\/acea-lanca-a-21-festa-da-cerejeira\/","title":{"rendered":"ACEA lan\u00e7a a 21\u00aa Festa da Cerejeira"},"content":{"rendered":"<p><p><span style=\"letter-spacing: -0.02em; line-height: 1.45em; background-color: initial;\">Em evento prestigiado por autoridades municipais, a imprensa e a col&ocirc;nia japonesa, a Associa\u00e7\u00e3o Cultural e Esportiva de Apucarana (ACEA) lan\u00e7ou oficialmente ontem (29) a 21\u00aa Festa da Cerejeira, que ser\u00e1 realizada entre os dias 18 a 21 de junho. Os organizadores da festa, que visa divulgar a cultura do pa\u00eds de origem dos imigrantes japoneses no munic\u00edpio, prometem superar a expectativa do p\u00fablico.<\/span><\/p>\n<p>&ldquo;N\u00e3o estamos medindo esfor\u00e7o para que neste ano a festa seja ainda melhor que 2014. Nosso grande objetivo \u00e9 agradar o grande p\u00fablico que recebemos nos quadro dias da festa, que neste ano foi reconhecida como Patrim&ocirc;nio Hist\u00f3rico, Art\u00edstico e Cultural do munic\u00edpio&rdquo;, destacou o presidente da ACEA, Paulo Yoshii.<\/p>\n<p>A abertura da festa, no dia 18, contar\u00e1 com atra\u00e7\u00e3o musical internacional, quando tr\u00eas artistas premiados no Jap\u00e3o v\u00e3o tocar instrumentos tradicionais daquele pa\u00eds. A programa\u00e7\u00e3o art\u00edstica e cultural mant\u00e9m as apresenta\u00e7\u00f5es de Taik&ocirc; (tambores), Sakur\u00e1 Odori (dan\u00e7a da Cerejeira), Bon Odori e outras atra\u00e7\u00f5es da cultura oriental e tamb\u00e9m regional. O Sal\u00e3o do Autom\u00f3vel, Feira da Ind\u00fastria e Com\u00e9rcio e a pra\u00e7a de alimenta\u00e7\u00e3o, com destaque para os pratos da culin\u00e1ria japonesa, como o Sukyaki, Yakissoba, Udon, Sushi, Sashimi e Tempur\u00e1, completam as atra\u00e7\u00f5es que prometem atrair a m\u00e9dia de 25 mil visitantes durante os 4 dias de festa. <\/p>\n<p>Como aconteceu nas edi\u00e7\u00f5es anteriores, ontem a organiza\u00e7\u00e3o distribuiu ingressos da festa para 10 entidades. Ao custo de R$ 2, as entradas j\u00e1 come\u00e7aram a ser vendidas e a renda \u00e9 revertida em benef\u00edcio da pr\u00f3pria entidade que as comercializam.<\/p>\n<p>Ao falar aos presentes, o prefeito Beto Preto destacou a import&acirc;ncia da festa que cumpre, h\u00e1 mais de duas d\u00e9cadas, o papel de manter viva a tradi\u00e7\u00e3o japonesa e divulga o nome da cidade em todo o pa\u00eds. &ldquo;O munic\u00edpio tem uma rela\u00e7\u00e3o direta com a ACEA. Esta festa significa muito para cidade e precisamos valorizar isso. Temos que ressaltar tamb\u00e9m o valor de quem organiza esse evento grandioso de divulga\u00e7\u00e3o da hist\u00f3ria da coloniza\u00e7\u00e3o japonesa no Norte do Paran\u00e1, em especial em Apucarana&rdquo;, disse Beto. <\/p>\n<p><\/p>\n","protected":false},"excerpt":{"rendered":"<p>Evento ser&aacute; realizado entre os dias 18 e 21 de junho<\/p>\n","protected":false},"author":4,"featured_media":0,"comment_status":"closed","ping_status":"closed","sticky":false,"template":"","format":"standard","meta":{"footnotes":""},"categories":[24],"tags":[],"class_list":["post-2803","post","type-post","status-publish","format-standard","hentry","category-noticias"],"acf":[],"_links":{"self":[{"href":"http:\/\/www.apucarana.pr.gov.br\/site\/wp-json\/wp\/v2\/posts\/2803","targetHints":{"allow":["GET"]}}],"collection":[{"href":"http:\/\/www.apucarana.pr.gov.br\/site\/wp-json\/wp\/v2\/posts"}],"about":[{"href":"http:\/\/www.apucarana.pr.gov.br\/site\/wp-json\/wp\/v2\/types\/post"}],"author":[{"embeddable":true,"href":"http:\/\/www.apucarana.pr.gov.br\/site\/wp-json\/wp\/v2\/users\/4"}],"replies":[{"embeddable":true,"href":"http:\/\/www.apucarana.pr.gov.br\/site\/wp-json\/wp\/v2\/comments?post=2803"}],"version-history":[{"count":1,"href":"http:\/\/www.apucarana.pr.gov.br\/site\/wp-json\/wp\/v2\/posts\/2803\/revisions"}],"predecessor-version":[{"id":104076,"href":"http:\/\/www.apucarana.pr.gov.br\/site\/wp-json\/wp\/v2\/posts\/2803\/revisions\/104076"}],"wp:attachment":[{"href":"http:\/\/www.apucarana.pr.gov.br\/site\/wp-json\/wp\/v2\/media?parent=2803"}],"wp:term":[{"taxonomy":"category","embeddable":true,"href":"http:\/\/www.apucarana.pr.gov.br\/site\/wp-json\/wp\/v2\/categories?post=2803"},{"taxonomy":"post_tag","embeddable":true,"href":"http:\/\/www.apucarana.pr.gov.br\/site\/wp-json\/wp\/v2\/tags?post=2803"}],"curies":[{"name":"wp","href":"https:\/\/api.w.org\/{rel}","templated":true}]}}