{"id":28021,"date":"2019-11-19T12:42:08","date_gmt":"2019-11-19T14:42:08","guid":{"rendered":"http:\/\/172.16.0.7\/site-antigo\/?p=28021"},"modified":"2024-10-08T09:19:39","modified_gmt":"2024-10-08T12:19:39","slug":"apucarana-amplia-area-cultivada-e-resgata-cafeicultura","status":"publish","type":"post","link":"http:\/\/www.apucarana.pr.gov.br\/site\/apucarana-amplia-area-cultivada-e-resgata-cafeicultura\/","title":{"rendered":"Apucarana amplia \u00e1rea cultivada e resgata cafeicultura"},"content":{"rendered":"<p>A cultura do caf\u00e9 faz parte da hist\u00f3ria de Apucarana e foi um dos vetores da economia. No entanto, a atividade \u00e9 bastante suscet\u00edvel \u00e0s condi\u00e7\u00f5es clim\u00e1ticas e viveu recentemente uma grande crise. Ap\u00f3s a geada de 2013, que dizimou cerca de 70% dos cafezais, a \u00e1rea cultivada despencou de 4.190 hectares para apenas 910 no ano seguinte. No entanto, a atividade foi retomada atrav\u00e9s do Programa de Incentivo da Cafeicultura, contribuindo para dobrar a \u00e1rea cultivada que atualmente j\u00e1 \u00e9 de 1.600 hectares.<br \/>\nA partir desta semana os novos cafezais ganhar\u00e3o o refor\u00e7o de 30 mil mudas, que foram produzidas no Horto Municipal e ser\u00e3o distribu\u00eddas para os agricultores cadastrados. Nesta ter\u00e7a-feira (19\/11), o prefeito de Apucarana, Junior da Femac, esteve no local para verificar o trabalho desenvolvido e anunciou que, para o pr\u00f3ximo ano, o programa dobrar\u00e1 o n\u00famero de mudas ofertadas, passando para 60 mil unidades.<br \/>\n\u201cAl\u00e9m da quest\u00e3o econ\u00f4mica que \u00e9 muito importante, estamos resgatando uma atividade que tem um significado muito especial para os apucaranenses, pois estamos cuidando de uma cultura que formou a nossa cidade\u201d, salienta Junior da Femac.<br \/>\nO prefeito de Apucarana lembra que o caf\u00e9 sempre pesou nos indicadores econ\u00f4micos do Munic\u00edpio. \u201cMesmo ap\u00f3s o apogeu vivido nas d\u00e9cadas de 60 e 70, a cultura continuou sendo importante na economia do Munic\u00edpio. Em 2013, o caf\u00e9 gerou um Valor Bruto de Produ\u00e7\u00e3o (VBP) de R$ 32 milh\u00f5es, cifra que caiu em 2014, logo ap\u00f3s a geada, para R$ 3 milh\u00f5es. Ao mesmo tempo em que Apucarana tem uma das melhores terras do Brasil para o caf\u00e9, \u00e9 bastante suscet\u00edvel ao clima e inspira cuidados\u201d, avalia Junior da Femac.<br \/>\nAinda citando dados do Departamento de Economia Rural, da Secretaria de Estado da Agricultura e Abastecimento,\u00a0 o prefeito salienta que a retomada da cultura tamb\u00e9m produziu reflexos no Valor Bruto da Produ\u00e7\u00e3o. \u201cAos poucos, com o trabalho realizado nos \u00faltimos anos, conseguimos elevar o VBP do caf\u00e9 de R$ 3 milh\u00f5es no p\u00f3s-geada para R$ 17 milh\u00f5es relativos ao exerc\u00edcio de 2018\u201d, frisa.<br \/>\nO prefeito lembra que, logo ap\u00f3s o epis\u00f3dio clim\u00e1tico de 2013, o ent\u00e3o prefeito Beto Preto reuniu a equipe para definir a\u00e7\u00f5es para amenizar a crise no setor. \u201cFoi neste cen\u00e1rio que surgiu o Programa Terra Forte. Ao mesmo tempo em que o Munic\u00edpio ofereceu incentivos para a retomada dos cafezais, foi introduzida a fruticultura como uma forma de diversifica\u00e7\u00e3o da propriedade\u201d, recorda.<br \/>\nO prefeito tamb\u00e9m destaca outra importante medida que fortaleceu o setor, tomada por Beto Preto assim que assumiu o mandato. \u201cEle criou a Secretaria Municipal de Agricultura, que n\u00e3o existia e funcionava junto \u00e0 Secretaria de Ind\u00fastria e Com\u00e9rcio. Com esta vis\u00e3o do agroneg\u00f3cio e, tendo em vista as especificidades deste setor produtivo, o trabalho foi planejado e estamos fechando o ano de 2019 com um crescimento de 11% do Valor Produto da Produ\u00e7\u00e3o, levando-se em considera\u00e7\u00e3o todas as atividades do agroneg\u00f3cio no Munic\u00edpio\u201d, pontua Junior da Femac.<br \/>\nO secret\u00e1rio municipal de Agricultura, Jos\u00e9 Luiz Porto, afirma que a op\u00e7\u00e3o atual \u00e9 produzir caf\u00e9 com tecnologia. \u201cProduzimos mudas selecionadas de alta produtividade, da variedade IPR 100, que \u00e9 resistente \u00e0 ferrugem e nemat\u00f3ide. Al\u00e9m disso, o Munic\u00edpio adquiriu uma m\u00e1quina plantadeira e o governo do Estado uma colhetadeira. Com isso, o cultivo mecanizado j\u00e1 \u00e9 uma realidade\u201d, ressalta Porto.<br \/>\nDe acordo com o secret\u00e1rio, o trabalho \u00e9 desenvolvido atrav\u00e9s de uma parceria com o Instituto Paranaense de Assist\u00eancia T\u00e9cnica e Extens\u00e3o Rural\u00a0(Emater). \u201cOs maquin\u00e1rios foram cedidos em comodato para a Associa\u00e7\u00e3o dos Cafeicultores do Pirap\u00f3, que faz o agendamento junto aos produtores\u201d, explica, estimando que para 2020 a \u00e1rea cultivada dever\u00e1 ter um crescimento de cerca de 15%. \u00a0\u201cOs produtores interessados j\u00e1 podem fazer as inscri\u00e7\u00f5es para receberem as mudas no ano que vem, que s\u00e3o repassadas ao um valor subsidiado\u201d, completa Porto.<\/p>\n","protected":false},"excerpt":{"rendered":"<p>A partir desta semana os novos cafezais ganhar\u00e3o o refor\u00e7o de 30 mil mudas, que foram produzidas no Horto Municipal e ser\u00e3o distribu\u00eddas para os agricultores cadastrados. (Fotos: PMA)<\/p>\n","protected":false},"author":4,"featured_media":28028,"comment_status":"closed","ping_status":"open","sticky":false,"template":"","format":"standard","meta":{"footnotes":""},"categories":[24],"tags":[],"class_list":["post-28021","post","type-post","status-publish","format-standard","has-post-thumbnail","hentry","category-noticias"],"acf":[],"_links":{"self":[{"href":"http:\/\/www.apucarana.pr.gov.br\/site\/wp-json\/wp\/v2\/posts\/28021","targetHints":{"allow":["GET"]}}],"collection":[{"href":"http:\/\/www.apucarana.pr.gov.br\/site\/wp-json\/wp\/v2\/posts"}],"about":[{"href":"http:\/\/www.apucarana.pr.gov.br\/site\/wp-json\/wp\/v2\/types\/post"}],"author":[{"embeddable":true,"href":"http:\/\/www.apucarana.pr.gov.br\/site\/wp-json\/wp\/v2\/users\/4"}],"replies":[{"embeddable":true,"href":"http:\/\/www.apucarana.pr.gov.br\/site\/wp-json\/wp\/v2\/comments?post=28021"}],"version-history":[{"count":1,"href":"http:\/\/www.apucarana.pr.gov.br\/site\/wp-json\/wp\/v2\/posts\/28021\/revisions"}],"predecessor-version":[{"id":99969,"href":"http:\/\/www.apucarana.pr.gov.br\/site\/wp-json\/wp\/v2\/posts\/28021\/revisions\/99969"}],"wp:featuredmedia":[{"embeddable":true,"href":"http:\/\/www.apucarana.pr.gov.br\/site\/wp-json\/"}],"wp:attachment":[{"href":"http:\/\/www.apucarana.pr.gov.br\/site\/wp-json\/wp\/v2\/media?parent=28021"}],"wp:term":[{"taxonomy":"category","embeddable":true,"href":"http:\/\/www.apucarana.pr.gov.br\/site\/wp-json\/wp\/v2\/categories?post=28021"},{"taxonomy":"post_tag","embeddable":true,"href":"http:\/\/www.apucarana.pr.gov.br\/site\/wp-json\/wp\/v2\/tags?post=28021"}],"curies":[{"name":"wp","href":"https:\/\/api.w.org\/{rel}","templated":true}]}}