{"id":2802,"date":"2015-04-30T16:50:59","date_gmt":"2015-04-30T16:50:59","guid":{"rendered":"http:\/\/172.16.0.7\/site-antigo\/?p=2802"},"modified":"2024-10-08T09:10:57","modified_gmt":"2024-10-08T12:10:57","slug":"equipe-de-poda-faz-manutencao-na-praca-do-28","status":"publish","type":"post","link":"http:\/\/www.apucarana.pr.gov.br\/site\/equipe-de-poda-faz-manutencao-na-praca-do-28\/","title":{"rendered":"Equipe de poda faz manuten\u00e7\u00e3o na Pra\u00e7a do 28"},"content":{"rendered":"<p><p><span style=\"letter-spacing: -0.02em; line-height: 1.45em; background-color: initial;\">Oper\u00e1rios da Secretaria de Servi\u00e7os P\u00fablicos de Apucarana realizaram nesta quinta-feira (30\/04) poda de galhos em \u00e1rvores da Pra\u00e7a Semiramis Braga, conhecida como Pra\u00e7a do Clube 28 de Janeiro. O trabalho foi uma determina\u00e7\u00e3o do prefeito Beto Preto, que acompanhou de perto a manuten\u00e7\u00e3o. &ldquo;Esta a\u00e7\u00e3o objetiva garantir maior seguran\u00e7a aos frequentadores. Muita gente procura este espa\u00e7o, sobretudo no per\u00edodo da noite, para a pr\u00e1tica da caminhada e os galhos que est\u00e3o sendo retirados agora s\u00e3o em geral brotos que estavam prejudicando a luminosidade&rdquo;, explica Beto.<br \/><\/span><span style=\"letter-spacing: -0.02em; line-height: 1.45em; background-color: initial;\"><br \/>Ele enalteceu o trabalho dos servidores p\u00fablicos. &ldquo;S\u00e3o valorosos funcion\u00e1rios, que no dia a dia, fa\u00e7a chuva ou sol, d\u00e3o suor para deixar a cidade melhor para todos&rdquo;, pontuou.<br \/><\/span><span style=\"letter-spacing: -0.02em; line-height: 1.45em; background-color: initial;\"><br \/>O coordenador Municipal de Servi\u00e7os P\u00fablicos, D\u00e9cio Gomes, destaca que a a\u00e7\u00e3o envolveu nove funcion\u00e1rios. &ldquo;Estamos promovendo a manuten\u00e7\u00e3o, j\u00e1 que no final do ano passado, para as festividades, realizamos a poda mais pesada. A popula\u00e7\u00e3o vai sentir a melhora, sobretudo na parte da noite. Na parte do dia, o visual continua bonito e a sombra em nada foi prejudicada&rdquo;, garante Gomes.<br \/><\/span><span style=\"letter-spacing: -0.02em; line-height: 1.45em; background-color: initial;\"><br \/>Ap\u00f3s a retirada dos galhos, que deve envolver pelo menos cinco viagens de caminh\u00e3o, v\u00e3o entrar em a\u00e7\u00e3o os varredores. &ldquo;At\u00e9 a manh\u00e3 desta sexta-feira tudo deve estar em ordem&rdquo;, finaliza Gomes.<\/span><\/p>\n<p><\/p>\n","protected":false},"excerpt":{"rendered":"<p>O trabalho foi uma determina&ccedil;&atilde;o do prefeito Beto Preto, que acompanhou de perto a manuten&ccedil;&atilde;o<\/p>\n","protected":false},"author":4,"featured_media":0,"comment_status":"closed","ping_status":"closed","sticky":false,"template":"","format":"standard","meta":{"footnotes":""},"categories":[24],"tags":[],"class_list":["post-2802","post","type-post","status-publish","format-standard","hentry","category-noticias"],"acf":[],"_links":{"self":[{"href":"http:\/\/www.apucarana.pr.gov.br\/site\/wp-json\/wp\/v2\/posts\/2802","targetHints":{"allow":["GET"]}}],"collection":[{"href":"http:\/\/www.apucarana.pr.gov.br\/site\/wp-json\/wp\/v2\/posts"}],"about":[{"href":"http:\/\/www.apucarana.pr.gov.br\/site\/wp-json\/wp\/v2\/types\/post"}],"author":[{"embeddable":true,"href":"http:\/\/www.apucarana.pr.gov.br\/site\/wp-json\/wp\/v2\/users\/4"}],"replies":[{"embeddable":true,"href":"http:\/\/www.apucarana.pr.gov.br\/site\/wp-json\/wp\/v2\/comments?post=2802"}],"version-history":[{"count":1,"href":"http:\/\/www.apucarana.pr.gov.br\/site\/wp-json\/wp\/v2\/posts\/2802\/revisions"}],"predecessor-version":[{"id":104078,"href":"http:\/\/www.apucarana.pr.gov.br\/site\/wp-json\/wp\/v2\/posts\/2802\/revisions\/104078"}],"wp:attachment":[{"href":"http:\/\/www.apucarana.pr.gov.br\/site\/wp-json\/wp\/v2\/media?parent=2802"}],"wp:term":[{"taxonomy":"category","embeddable":true,"href":"http:\/\/www.apucarana.pr.gov.br\/site\/wp-json\/wp\/v2\/categories?post=2802"},{"taxonomy":"post_tag","embeddable":true,"href":"http:\/\/www.apucarana.pr.gov.br\/site\/wp-json\/wp\/v2\/tags?post=2802"}],"curies":[{"name":"wp","href":"https:\/\/api.w.org\/{rel}","templated":true}]}}