{"id":28015,"date":"2019-11-18T19:20:51","date_gmt":"2019-11-18T21:20:51","guid":{"rendered":"http:\/\/172.16.0.7\/site-antigo\/?p=28015"},"modified":"2024-10-08T09:19:39","modified_gmt":"2024-10-08T12:19:39","slug":"papai-noel-chega-sexta-feira-em-apucarana-dia-22","status":"publish","type":"post","link":"http:\/\/www.apucarana.pr.gov.br\/site\/papai-noel-chega-sexta-feira-em-apucarana-dia-22\/","title":{"rendered":"Papai Noel chega sexta-feira em Apucarana, dia 22"},"content":{"rendered":"<p>A prefeitura de Apucarana est\u00e1 ultimando a instala\u00e7\u00e3o da decora\u00e7\u00e3o natalina para a festa de chegada do Papai Noel na cidade, na pr\u00f3xima sexta-feira. Neste ano, a cidade est\u00e1 recebendo enfeites novos que ir\u00e3o garantir o esp\u00edrito natalino numa \u00e1rea mais abrangente do que nos anos anteriores.<br \/>\nA chegada do Papai Noel, neste ano, ser\u00e1 em frente da Catedral Nossa Senhora de Lourdes, \u00e1rea em que a decora\u00e7\u00e3o natalina reserva grandes novidades, come\u00e7ando pela \u00e1rvore de Natal de 15 metros de altura.<br \/>\nEste mesmo espa\u00e7o, em frente \u00e0s escadarias da catedral, ter\u00e1 um t\u00fanel de luzes, de 45 metros de comprimento, que vai servir de passagem para quem passar entre os dois espelhos de \u00e1gua da Pra\u00e7a Rui Barbosa. Na entrada do t\u00fanel ser\u00e1 instalado um p\u00f3rtico, visualizado no sentido para quem se dirige \u00e0 porta principal da igreja.<br \/>\nEsta \u00e1rea da pra\u00e7a ainda ser\u00e1 decorada com a Pra\u00e7a \u201cPo\u00e7o dos Desejos\u201d, que ao lado do pres\u00e9pio iluminado que tamb\u00e9m haver\u00e1 no local, servir\u00e3o de atrativos para popula\u00e7\u00e3o fazer suas fotos.<br \/>\nAl\u00e9m da casinha do Papai Noel e da Bota do Papai Noel, que tradicionalmente que ficam no local, as laterais dos dois chafarizes da pra\u00e7a ser\u00e3o enfeitadas com 4 fontes iluminadas de 6 metros de altura (duas de cada lado). Do outro lado da Pra\u00e7a Rui Barbosa, mais exatamente na pequena cal\u00e7ada da rotat\u00f3ria atr\u00e1s do plat\u00f4 da Pra\u00e7a Rui Barbosa, ser\u00e1 colocado um grande La\u00e7o de Boas Festas, iluminado, de 7 metros de altura, dando vis\u00e3o para quem desce a Avenida Curitiba rumo \u00e0 \u00e1rea central.<br \/>\nA cidade tamb\u00e9m ganhou novos p\u00f3rticos iluminados neste Natal, decorando n\u00e3o s\u00f3 a Avenida Curitiba, mas v\u00e1rias ruas centrais, incluindo a Oswaldo Cruz, Ponta Grossa, Os\u00f3rio Ribas de Paula, Rio Branco e Jo\u00e3o C\u00e2ndido. Para complementar a ornamenta\u00e7\u00e3o natalina 2019, todas as \u00e1rvores da Pra\u00e7a da Catedral e da Pra\u00e7a Interventor Manoel Ribas (do Redondo) est\u00e3o sendo decoradas com cord\u00f5es luminosos e bolas com cores natalinas. Ainda os postes republicanos da pra\u00e7a da catedral, da Rua Oswaldo Cruz e da Pra\u00e7a do Redondo, receber\u00e3o decora\u00e7\u00e3o especial no estilo arabesco.<br \/>\n<strong>Chegada do Papai Noel<\/strong><br \/>\nAntecedendo a chegada do Papai Noel, que ir\u00e1 receber as chaves da cidade das m\u00e3os do prefeito Junior da Femac, haver\u00e1 uma apresenta\u00e7\u00e3o da pe\u00e7a infantil \u201cEra uma vez o Natal\u201d, com in\u00edcio \u00e0s 20 horas. O espet\u00e1culo \u00e9 a cargo de um grupo teatral de Maring\u00e1. A partir do dia 8 de dezembro, o plat\u00f4 da Pra\u00e7a Rui Barbosa vai apresentar todas as noites espet\u00e1culos de m\u00fasica.<br \/>\n\u201cEstamos preparando um Natal ainda mais especial para a nossa popula\u00e7\u00e3o. Temos muitas novidades na decora\u00e7\u00e3o natalina para deixar a cidade muito bonita, alegre e despertar o esp\u00edrito crist\u00e3o entre as pessoas\u201d, afirma o prefeito Junior da Femac. \u201cNosso objetivo tamb\u00e9m \u00e9 dinamizar o com\u00e9rcio local\u201d, complementa.<br \/>\n&nbsp;<\/p>\n","protected":false},"excerpt":{"rendered":"<p>Prefeitura est\u00e1 ultimando a instala\u00e7\u00e3o da decora\u00e7\u00e3o natalina para festa do \u201cBom Velhinho\u201d<\/p>\n","protected":false},"author":4,"featured_media":28016,"comment_status":"closed","ping_status":"open","sticky":false,"template":"","format":"standard","meta":{"footnotes":""},"categories":[24],"tags":[],"class_list":["post-28015","post","type-post","status-publish","format-standard","has-post-thumbnail","hentry","category-noticias"],"acf":[],"_links":{"self":[{"href":"http:\/\/www.apucarana.pr.gov.br\/site\/wp-json\/wp\/v2\/posts\/28015","targetHints":{"allow":["GET"]}}],"collection":[{"href":"http:\/\/www.apucarana.pr.gov.br\/site\/wp-json\/wp\/v2\/posts"}],"about":[{"href":"http:\/\/www.apucarana.pr.gov.br\/site\/wp-json\/wp\/v2\/types\/post"}],"author":[{"embeddable":true,"href":"http:\/\/www.apucarana.pr.gov.br\/site\/wp-json\/wp\/v2\/users\/4"}],"replies":[{"embeddable":true,"href":"http:\/\/www.apucarana.pr.gov.br\/site\/wp-json\/wp\/v2\/comments?post=28015"}],"version-history":[{"count":1,"href":"http:\/\/www.apucarana.pr.gov.br\/site\/wp-json\/wp\/v2\/posts\/28015\/revisions"}],"predecessor-version":[{"id":99970,"href":"http:\/\/www.apucarana.pr.gov.br\/site\/wp-json\/wp\/v2\/posts\/28015\/revisions\/99970"}],"wp:featuredmedia":[{"embeddable":true,"href":"http:\/\/www.apucarana.pr.gov.br\/site\/wp-json\/"}],"wp:attachment":[{"href":"http:\/\/www.apucarana.pr.gov.br\/site\/wp-json\/wp\/v2\/media?parent=28015"}],"wp:term":[{"taxonomy":"category","embeddable":true,"href":"http:\/\/www.apucarana.pr.gov.br\/site\/wp-json\/wp\/v2\/categories?post=28015"},{"taxonomy":"post_tag","embeddable":true,"href":"http:\/\/www.apucarana.pr.gov.br\/site\/wp-json\/wp\/v2\/tags?post=28015"}],"curies":[{"name":"wp","href":"https:\/\/api.w.org\/{rel}","templated":true}]}}